{"id":12929,"date":"2023-12-27T14:04:25","date_gmt":"2023-12-27T13:04:25","guid":{"rendered":"https:\/\/ralupo.me\/?p=12929"},"modified":"2023-12-27T20:11:55","modified_gmt":"2023-12-27T19:11:55","slug":"absetzbewegungen","status":"publish","type":"post","link":"https:\/\/ralupo.me\/en\/archive\/12929","title":{"rendered":"Flughafen Chi\u0219in\u0103u bekommt neuen IATA Code"},"content":{"rendered":"<span class=\"span-reading-time rt-reading-time\" style=\"display: block;\"><span class=\"rt-label rt-prefix\">Lesedauer<\/span> <span class=\"rt-time\"> 2<\/span> <span class=\"rt-label rt-postfix\">Minuten<\/span><\/span>\n<p class=\"wp-block-paragraph\">Die Republik Moldau betreibt erfolgreich die Losl\u00f6sung von ihrem sowjetischen Erbe. Hinkte das kleine Land in Sachen Derussifizierung und Desowjetisierung der Ukraine lange Zeit hinterher, hat das Land in den vergangenen zwei Jahren bemerkenswerte Fortschritte gemacht &#8211; an der sich auch die Ukraine ein Beispiel nehmen kann, <a href=\"https:\/\/www.eurointegration.com.ua\/eng\/news\/2023\/12\/22\/7176092\/\">berichtet das ukrainische Online-Magazin &#8220;European Prawda&#8221;.<\/a><\/p>\n\n\n\n<p class=\"wp-block-paragraph\">Neben der <a href=\"https:\/\/ralupo.me\/archive\/10200\">K\u00fcndigung zahlreicher GUS-Abkommen<\/a> in der letzten Zeit hat sich das kleine Moldau auch gegen\u00fcber der internationalen Luftverkehrsvereinigung IATA durchgesetzt. Seit 1989, als in Moldau die Landessprache Rum\u00e4nisch wieder eingef\u00fchrt wurde, hei\u00dft die Landeshauptstadt <strong>Chi\u0219in\u0103u<\/strong>. <a href=\"https:\/\/airport.md\/en?checkin-warn\">Der internationale Flughafen des Landes in der Hauptstadt <strong>Chi\u0219in\u0103u<\/strong> tr\u00e4gt bislang jedoch das IATA-K\u00fcrzel &#8220;KIV&#8221;<\/a>. Das entspricht der russischen Transliteration von &#8220;\u041a\u0438\u0448\u0438\u043d\u0451\u0432&#8221; in Kischinev. Ab dem 18. Januar 2024 wird KIV jedoch aus den Flugpl\u00e4nen, Abflugsmonitoren und Kofferlabeln verschwinden. Dann wird der Flughafen das K\u00fcrzel RMO erhalten &#8211; f\u00fcr Republic of Moldova.<\/p>\n\n\n<div class=\"vlp-link-container vlp-template-default wp-block-visual-link-preview-link\">\n\t<a href=\"https:\/\/www.eurointegration.com.ua\/articles\/2023\/12\/22\/7176054\/\" class=\"vlp-link\" title=\"\u0410\u0435\u0440\u043e\u043f\u043e\u0440\u0442\u043e\u0432\u0430 \u201c\u0440\u0443\u0441\u043e\u0444\u043e\u0431\u0456\u044f\u201d. \u0427\u043e\u043c\u0443 \u0423\u043a\u0440\u0430\u0457\u043d\u0430 \u043c\u0430\u0454 \u043f\u043e\u0432\u0442\u043e\u0440\u0438\u0442\u0438 \u0434\u043e\u0441\u0432\u0456\u0434 \u041c\u043e\u043b\u0434\u043e\u0432\u0438 \u0456 \u0437\u0440\u043e\u0431\u0438\u0442\u0438 \u0446\u0435 \u0441\u0430\u043c\u0435 \u0437\u0430\u0440\u0430\u0437\" rel=\"nofollow\" target=\"_blank\"><\/a>\t\t<div class=\"vlp-link-image-container\">\n\t\t<div class=\"vlp-link-image\">\n\t\t\t<img data-recalc-dims=\"1\" decoding=\"async\" src=\"https:\/\/i0.wp.com\/img.eurointegration.com.ua\/images\/doc\/5\/6\/56c803b-1200.jpg?ssl=1\" style=\"max-width: 150px; max-height: 150px\" \/>\t\t<\/div>\n\t<\/div>\n\t\t<div class=\"vlp-link-text-container\">\n\t\t\t\t<div class=\"vlp-link-title\">\n\t\t\t\u0410\u0435\u0440\u043e\u043f\u043e\u0440\u0442\u043e\u0432\u0430 \u201c\u0440\u0443\u0441\u043e\u0444\u043e\u0431\u0456\u044f\u201d. \u0427\u043e\u043c\u0443 \u0423\u043a\u0440\u0430\u0457\u043d\u0430 \u043c\u0430\u0454 \u043f\u043e\u0432\u0442\u043e\u0440\u0438\u0442\u0438 \u0434\u043e\u0441\u0432\u0456\u0434 \u041c\u043e\u043b\u0434\u043e\u0432\u0438 \u0456 \u0437\u0440\u043e\u0431\u0438\u0442\u0438 \u0446\u0435 \u0441\u0430\u043c\u0435 \u0437\u0430\u0440\u0430\u0437\t\t<\/div>\n\t\t\t\t\t\t<div class=\"vlp-link-summary\">\n\t\t\t\u042f\u043a\u0449\u043e \u0432\u043b\u0430\u0434\u0430 \u0456 \u0441\u043f\u0440\u0430\u0432\u0434\u0456 \u0432\u0456\u0440\u0438\u0442\u044c \u0443 \u0432\u0456\u0434\u043d\u043e\u0432\u043b\u0435\u043d\u043d\u044f \u0430\u0432\u0456\u0430\u0441\u043f\u043e\u043b\u0443\u0447\u0435\u043d\u043d\u044f, \u0442\u043e \u043c\u0430\u0454 \u0442\u0435\u0440\u043c\u0456\u043d\u043e\u0432\u043e \u0437\u0440\u043e\u0431\u0438\u0442\u0438 \u043a\u0440\u043e\u043a\u0438 \u0434\u043e \u0434\u0435\u0440\u0443\u0441\u0438\u0444\u0456\u043a\u0430\u0446\u0456\u0457 \u0430\u0435\u0440\u043e\u043f\u043e\u0440\u0442\u0456\u0432, \u0443 \u0442\u043e\u043c\u0443 \u0447\u0438\u0441\u043b\u0456 \u0430\u0435\u0440\u043e\u043f\u043e\u0440\u0442\u0443 \u201c\u041a\u0438\u0457\u0432\u201d\u2026\t\t<\/div>\n\t\t\t<\/div>\n<\/div>\n\n\n\n<p class=\"wp-block-paragraph\">Auch in anderen Bereichen des Luftverkehrs hat es \u00c4nderungen gegeben. Seit Ende 2023 l\u00e4uft der Betrieb des Flughafens in <strong>Chi\u0219in\u0103u<\/strong> in nationaler Eigenregie. Der bisherige Betrieb durch russische Firmen wurde abgewickelt. Ebenfalls findet in KIV (bzw. RMO) kein Flugverkehr mehr mit Russland statt. Das gilt f\u00fcr russische Airlines aber auch f\u00fcr die nationale Airline Air Moldova.<\/p>\n\n\n\n<figure class=\"wp-block-image size-full\"><img data-recalc-dims=\"1\" decoding=\"async\" data-attachment-id=\"12931\" data-permalink=\"https:\/\/ralupo.me\/en\/archive\/12929\/img_1984\" data-orig-file=\"https:\/\/i0.wp.com\/ralupo.me\/wp-content\/uploads\/2023\/12\/IMG_1984.heic?fit=%2C&amp;ssl=1\" data-orig-size=\"\" data-comments-opened=\"1\" data-image-meta=\"[]\" data-image-title=\"IMG_1984\" data-image-description=\"\" data-image-caption=\"\" data-medium-file=\"https:\/\/i0.wp.com\/ralupo.me\/wp-content\/uploads\/2023\/12\/IMG_1984.heic?fit=300%2C300&amp;ssl=1\" data-large-file=\"https:\/\/i0.wp.com\/ralupo.me\/wp-content\/uploads\/2023\/12\/IMG_1984.heic?fit=1024%2C1024&amp;ssl=1\" src=\"https:\/\/i0.wp.com\/ralupo.me\/wp-content\/uploads\/2023\/12\/IMG_1984.heic?ssl=1\" alt=\"\" class=\"wp-image-12931\"\/><figcaption class=\"wp-element-caption\">Der kleinere Flughafen in Kyiv Schuljany \u201eIgor Sikorski\u201c bleibt beim Label &#8220;IEV&#8221;. Bislang.<\/figcaption><\/figure>\n\n\n\n<p class=\"wp-block-paragraph\">Die ukrainischen Anstrengungen f\u00fcr einen &#8220;Code-Change&#8221; waren, wie die &#8220;European Prawda&#8221; anmerkt, nicht erfolgreich. Das entsprechende Ersuchen wurde von der IATA abgelehnt. Der neue Gro\u00dfflughafen in Kyiv tr\u00e4gt das Label KBP, der kleinere Flughafen in der Stadt, Schuljany \u201eIgor Sikorski\u201c, jedoch das Label IEV, was wiederum der russisch transkribierten Schreibweise ins Englische entspricht (Kiev). <\/p>\n\n\n<div class=\"vlp-link-container vlp-template-default wp-block-visual-link-preview-link\">\n\t<a href=\"https:\/\/www.eurointegration.com.ua\/eng\/news\/2023\/12\/22\/7176092\/\" class=\"vlp-link\" title=\"How Moldova Pressured Airport De-Communisation and Why Ukraine Should Do It The Same Right Now\" rel=\"nofollow\" target=\"_blank\"><\/a>\t\t<div class=\"vlp-link-image-container\">\n\t\t<div class=\"vlp-link-image\">\n\t\t\t<img data-recalc-dims=\"1\" decoding=\"async\" src=\"https:\/\/i0.wp.com\/img.eurointegration.com.ua\/images\/doc\/3\/c\/3cd83c2-airport-1.jpg?ssl=1\" style=\"max-width: 150px; max-height: 150px\" \/>\t\t<\/div>\n\t<\/div>\n\t\t<div class=\"vlp-link-text-container\">\n\t\t\t\t<div class=\"vlp-link-title\">\n\t\t\tHow Moldova Pressured Airport De-Communisation and Why Ukraine Should Do It The Same Right Now\t\t<\/div>\n\t\t\t\t\t\t<div class=\"vlp-link-summary\">\n\t\t\tIt\u2019s no secret that the Ukrainian government is looking for opportunities to restore regular air connections.\t\t<\/div>\n\t\t\t<\/div>\n<\/div>\n<br\/><br\/><div class=\"geolocation-plain\" id=\"geolocation12929\">Posted from Frankfurt am Main, Altstadt, Deutschland.<\/div>","protected":false},"excerpt":{"rendered":"<p>Die Republik Moldau betreibt erfolgreich die Losl\u00f6sung von ihrem sowjetischen Erbe. Hinkte das kleine Land in Sachen Derussifizierung und Desowjetisierung der Ukraine lange Zeit hinterher, hat das Land in den [&hellip;]<\/p>\n","protected":false},"author":1,"featured_media":12930,"comment_status":"open","ping_status":"open","sticky":false,"template":"","format":"standard","meta":{"_crdt_document":"","advanced_seo_description":"","jetpack_seo_html_title":"","jetpack_seo_noindex":false,"_EventAllDay":false,"_EventTimezone":"","_EventStartDate":"","_EventEndDate":"","_EventStartDateUTC":"","_EventEndDateUTC":"","_EventShowMap":false,"_EventShowMapLink":false,"_EventURL":"","_EventCost":"","_EventCostDescription":"","_EventCurrencySymbol":"","_EventCurrencyCode":"","_EventCurrencyPosition":"","_EventDateTimeSeparator":"","_EventTimeRangeSeparator":"","_EventOrganizerID":[],"_EventVenueID":[],"_OrganizerEmail":"","_OrganizerPhone":"","_OrganizerWebsite":"","_VenueAddress":"","_VenueCity":"","_VenueCountry":"","_VenueProvince":"","_VenueState":"","_VenueZip":"","_VenuePhone":"","_VenueURL":"","_VenueStateProvince":"","_VenueLat":"","_VenueLng":"","_VenueShowMap":false,"_VenueShowMapLink":false,"jetpack_post_was_ever_published":false,"_jetpack_newsletter_access":"","_jetpack_dont_email_post_to_subs":false,"_jetpack_newsletter_tier_id":0,"_jetpack_memberships_contains_paywalled_content":false,"_jetpack_memberships_contains_paid_content":false,"footnotes":""},"categories":[327,21],"tags":[720,956,417,24,416],"class_list":["post-12929","post","type-post","status-publish","format-standard","has-post-thumbnail","hentry","category-eastbound","category-travel","tag-flughafen","tag-iata","tag-chisinau","tag-flug","tag-moldau"],"jetpack_featured_media_url":"https:\/\/i0.wp.com\/ralupo.me\/wp-content\/uploads\/2023\/12\/IMG_1964.jpg?fit=1706%2C1280&ssl=1","jetpack_sharing_enabled":true,"jetpack-related-posts":[{"id":13001,"url":"https:\/\/ralupo.me\/en\/archive\/13001","url_meta":{"origin":12929,"position":0},"title":"Silvester in Moldau","author":"Lupo","date":"31. December 2023","format":false,"excerpt":"[:de] Letztes Jahr Silvester in Tallinn, dieses Jahr ging es in die Hauptstadt der Republik Moldau: Nach Chisinau. In der Republik Moldau, die \u00fcbrigens nichts mit dem gleichnamigen Fluss zu tun hat, leben circa 2,7 Millionen Menschen. Das kleine Land in Osteuropa grenzt an Rum\u00e4nien im Westen und die Ukraine\u2026","rel":"","context":"In &quot;Eastbound&quot;","block_context":{"text":"Eastbound","link":"https:\/\/ralupo.me\/en\/archive\/category\/eastbound"},"img":{"alt_text":"","src":"https:\/\/i0.wp.com\/ralupo.me\/wp-content\/uploads\/2023\/12\/IMG_7524-2.jpeg?fit=1200%2C900&ssl=1&resize=350%2C200","width":350,"height":200,"srcset":"https:\/\/i0.wp.com\/ralupo.me\/wp-content\/uploads\/2023\/12\/IMG_7524-2.jpeg?fit=1200%2C900&ssl=1&resize=350%2C200 1x, https:\/\/i0.wp.com\/ralupo.me\/wp-content\/uploads\/2023\/12\/IMG_7524-2.jpeg?fit=1200%2C900&ssl=1&resize=525%2C300 1.5x, https:\/\/i0.wp.com\/ralupo.me\/wp-content\/uploads\/2023\/12\/IMG_7524-2.jpeg?fit=1200%2C900&ssl=1&resize=700%2C400 2x, https:\/\/i0.wp.com\/ralupo.me\/wp-content\/uploads\/2023\/12\/IMG_7524-2.jpeg?fit=1200%2C900&ssl=1&resize=1050%2C600 3x"},"classes":[]},{"id":4965,"url":"https:\/\/ralupo.me\/en\/archive\/4965","url_meta":{"origin":12929,"position":1},"title":"Taut der Konflikt um Transnistrien wieder auf?","author":"Lupo","date":"26. April 2022","format":false,"excerpt":"[:de] Nachdem es gestern suspekte Explosionen in der von der Republik Moldau abtr\u00fcnnigen Region \"Transnistrien\" gegeben hat, bei der zwei Funkt\u00fcrme besch\u00e4digt wurden, haben die Spannungen im lange ruhigen Konflikt um die von Moldau abtr\u00fcnnige Region zugenommen. Wer f\u00fcr die Explosionen verantwortlich ist, ist derzeit unbekannt. Auff\u00e4llig ist dabei, dass\u2026","rel":"","context":"In &quot;Politik&quot;","block_context":{"text":"Politik","link":"https:\/\/ralupo.me\/en\/archive\/category\/politik"},"img":{"alt_text":"","src":"https:\/\/i0.wp.com\/ralupo.me\/wp-content\/uploads\/2022\/04\/IMG_7528-scaled.jpeg?fit=1200%2C900&ssl=1&resize=350%2C200","width":350,"height":200,"srcset":"https:\/\/i0.wp.com\/ralupo.me\/wp-content\/uploads\/2022\/04\/IMG_7528-scaled.jpeg?fit=1200%2C900&ssl=1&resize=350%2C200 1x, https:\/\/i0.wp.com\/ralupo.me\/wp-content\/uploads\/2022\/04\/IMG_7528-scaled.jpeg?fit=1200%2C900&ssl=1&resize=525%2C300 1.5x, https:\/\/i0.wp.com\/ralupo.me\/wp-content\/uploads\/2022\/04\/IMG_7528-scaled.jpeg?fit=1200%2C900&ssl=1&resize=700%2C400 2x, https:\/\/i0.wp.com\/ralupo.me\/wp-content\/uploads\/2022\/04\/IMG_7528-scaled.jpeg?fit=1200%2C900&ssl=1&resize=1050%2C600 3x"},"classes":[]},{"id":826,"url":"https:\/\/ralupo.me\/en\/archive\/826","url_meta":{"origin":12929,"position":2},"title":"Chi\u0219in\u0103u","author":"Lupo","date":"22. August 2020","format":false,"excerpt":"[:de] Wenn man nach der Hauptstadt der Republik Moldau, Chisinau (sprich: Kischinau), googelt, wom\u00f6glich noch zusammen mit Begriffen wie \"Reise\" und\" Reisetipps\", bekommt man ganz grauenvolle Berichte vorgeschlagen, die sich im Wesentlichen alle dar\u00fcber einig sind, dass man nach Chisinau nicht fahren sollte. \u201eDie Hauptstadt der Republik Moldau (oder wie\u2026","rel":"","context":"In &quot;Eastbound&quot;","block_context":{"text":"Eastbound","link":"https:\/\/ralupo.me\/en\/archive\/category\/eastbound"},"img":{"alt_text":"","src":"https:\/\/i0.wp.com\/ralupo.me\/wp-content\/uploads\/2020\/08\/img_7989.jpg?fit=1200%2C900&ssl=1&resize=350%2C200","width":350,"height":200,"srcset":"https:\/\/i0.wp.com\/ralupo.me\/wp-content\/uploads\/2020\/08\/img_7989.jpg?fit=1200%2C900&ssl=1&resize=350%2C200 1x, https:\/\/i0.wp.com\/ralupo.me\/wp-content\/uploads\/2020\/08\/img_7989.jpg?fit=1200%2C900&ssl=1&resize=525%2C300 1.5x, https:\/\/i0.wp.com\/ralupo.me\/wp-content\/uploads\/2020\/08\/img_7989.jpg?fit=1200%2C900&ssl=1&resize=700%2C400 2x, https:\/\/i0.wp.com\/ralupo.me\/wp-content\/uploads\/2020\/08\/img_7989.jpg?fit=1200%2C900&ssl=1&resize=1050%2C600 3x"},"classes":[]},{"id":2170,"url":"https:\/\/ralupo.me\/en\/archive\/2170","url_meta":{"origin":12929,"position":3},"title":"\u201eAbwarten ist zur Mentalit\u00e4t geworden\u201c","author":"Lupo","date":"28. November 2021","format":false,"excerpt":"Eine interessante Reportage aus der Republik Moldau kommt diese Woche von SPIEGEL-Online. Das kleine Land zwischen Rum\u00e4nien und der Ukraine sorgte zuletzt mit seinem Streit mit Gazprom f\u00fcr Schlagzeilen. Das \u00e4rmste Land Europas ist hin und hergerissen zwischen Ost und West. Der abgespaltene Teil Transnistrien steht unter russischem Einfluss, aus\u2026","rel":"","context":"In &quot;Eastbound&quot;","block_context":{"text":"Eastbound","link":"https:\/\/ralupo.me\/en\/archive\/category\/eastbound"},"img":{"alt_text":"","src":"https:\/\/i0.wp.com\/ralupo.me\/wp-content\/uploads\/2020\/08\/img_7892-2-2-scaled.jpg?fit=1200%2C900&ssl=1&resize=350%2C200","width":350,"height":200,"srcset":"https:\/\/i0.wp.com\/ralupo.me\/wp-content\/uploads\/2020\/08\/img_7892-2-2-scaled.jpg?fit=1200%2C900&ssl=1&resize=350%2C200 1x, https:\/\/i0.wp.com\/ralupo.me\/wp-content\/uploads\/2020\/08\/img_7892-2-2-scaled.jpg?fit=1200%2C900&ssl=1&resize=525%2C300 1.5x, https:\/\/i0.wp.com\/ralupo.me\/wp-content\/uploads\/2020\/08\/img_7892-2-2-scaled.jpg?fit=1200%2C900&ssl=1&resize=700%2C400 2x, https:\/\/i0.wp.com\/ralupo.me\/wp-content\/uploads\/2020\/08\/img_7892-2-2-scaled.jpg?fit=1200%2C900&ssl=1&resize=1050%2C600 3x"},"classes":[]},{"id":13746,"url":"https:\/\/ralupo.me\/en\/archive\/13746","url_meta":{"origin":12929,"position":4},"title":"Transnistrien bittet (wieder) um Schutz aus Moskau","author":"Lupo","date":"29. February 2024","format":false,"excerpt":"[:de] Gestern gab es wieder Schlagzeilen \u00fcber einen angeblichen Hilferuf aus der von Moldau abtr\u00fcnnigen Region \"Transnistrien\". Die parlamentarische Versammlung des international nicht anerkannten Staates \"Transnistrien\" bittet in Moskau um Hilfe. Der Staat \"Transnistrien\" ist eine typische Scheinrepublik unter russischem Einfluss. Wirtschaftlich und politisch von Moskau abh\u00e4ngig, politisch \"verwaltet\" von\u2026","rel":"","context":"In &quot;Europa&quot;","block_context":{"text":"Europa","link":"https:\/\/ralupo.me\/en\/archive\/category\/europa"},"img":{"alt_text":"","src":"https:\/\/i0.wp.com\/ralupo.me\/wp-content\/uploads\/2020\/08\/img_7879.jpg?fit=1200%2C900&ssl=1&resize=350%2C200","width":350,"height":200,"srcset":"https:\/\/i0.wp.com\/ralupo.me\/wp-content\/uploads\/2020\/08\/img_7879.jpg?fit=1200%2C900&ssl=1&resize=350%2C200 1x, https:\/\/i0.wp.com\/ralupo.me\/wp-content\/uploads\/2020\/08\/img_7879.jpg?fit=1200%2C900&ssl=1&resize=525%2C300 1.5x, https:\/\/i0.wp.com\/ralupo.me\/wp-content\/uploads\/2020\/08\/img_7879.jpg?fit=1200%2C900&ssl=1&resize=700%2C400 2x, https:\/\/i0.wp.com\/ralupo.me\/wp-content\/uploads\/2020\/08\/img_7879.jpg?fit=1200%2C900&ssl=1&resize=1050%2C600 3x"},"classes":[]},{"id":14266,"url":"https:\/\/ralupo.me\/en\/archive\/14266","url_meta":{"origin":12929,"position":5},"title":"Russlands hybrider Krieg um Moldau","author":"Lupo","date":"31. August 2024","format":false,"excerpt":"[:de] F\u00fcr den 20. Oktober 2024 stehen in der Republik Moldau Pr\u00e4sidentschaftswahlen an, die amtierende Pr\u00e4sidentin Maia Sandu tritt zur Wiederwahl an. Gleichzeitig hat die pro-europ\u00e4ische Pr\u00e4sidentin auch ein Referendum angesetzt: Moldaus Weg in die Europ\u00e4ische Union soll Verfassungsrang bekommen. Das Land hat zusammen mit der Ukraine Beitrittsgespr\u00e4che begonnen. In\u2026","rel":"","context":"In &quot;Europa&quot;","block_context":{"text":"Europa","link":"https:\/\/ralupo.me\/en\/archive\/category\/europa"},"img":{"alt_text":"","src":"https:\/\/i0.wp.com\/ralupo.me\/wp-content\/uploads\/2023\/12\/IMG_7513-scaled.jpeg?fit=1200%2C900&ssl=1&resize=350%2C200","width":350,"height":200,"srcset":"https:\/\/i0.wp.com\/ralupo.me\/wp-content\/uploads\/2023\/12\/IMG_7513-scaled.jpeg?fit=1200%2C900&ssl=1&resize=350%2C200 1x, https:\/\/i0.wp.com\/ralupo.me\/wp-content\/uploads\/2023\/12\/IMG_7513-scaled.jpeg?fit=1200%2C900&ssl=1&resize=525%2C300 1.5x, https:\/\/i0.wp.com\/ralupo.me\/wp-content\/uploads\/2023\/12\/IMG_7513-scaled.jpeg?fit=1200%2C900&ssl=1&resize=700%2C400 2x, https:\/\/i0.wp.com\/ralupo.me\/wp-content\/uploads\/2023\/12\/IMG_7513-scaled.jpeg?fit=1200%2C900&ssl=1&resize=1050%2C600 3x"},"classes":[]}],"jetpack_shortlink":"https:\/\/wp.me\/pcanHs-3mx","_links":{"self":[{"href":"https:\/\/ralupo.me\/en\/wp-json\/wp\/v2\/posts\/12929","targetHints":{"allow":["GET"]}}],"collection":[{"href":"https:\/\/ralupo.me\/en\/wp-json\/wp\/v2\/posts"}],"about":[{"href":"https:\/\/ralupo.me\/en\/wp-json\/wp\/v2\/types\/post"}],"author":[{"embeddable":true,"href":"https:\/\/ralupo.me\/en\/wp-json\/wp\/v2\/users\/1"}],"replies":[{"embeddable":true,"href":"https:\/\/ralupo.me\/en\/wp-json\/wp\/v2\/comments?post=12929"}],"version-history":[{"count":4,"href":"https:\/\/ralupo.me\/en\/wp-json\/wp\/v2\/posts\/12929\/revisions"}],"predecessor-version":[{"id":12943,"href":"https:\/\/ralupo.me\/en\/wp-json\/wp\/v2\/posts\/12929\/revisions\/12943"}],"wp:featuredmedia":[{"embeddable":true,"href":"https:\/\/ralupo.me\/en\/wp-json\/wp\/v2\/media\/12930"}],"wp:attachment":[{"href":"https:\/\/ralupo.me\/en\/wp-json\/wp\/v2\/media?parent=12929"}],"wp:term":[{"taxonomy":"category","embeddable":true,"href":"https:\/\/ralupo.me\/en\/wp-json\/wp\/v2\/categories?post=12929"},{"taxonomy":"post_tag","embeddable":true,"href":"https:\/\/ralupo.me\/en\/wp-json\/wp\/v2\/tags?post=12929"}],"curies":[{"name":"wp","href":"https:\/\/api.w.org\/{rel}","templated":true}]}}