{"id":12798,"date":"2023-12-26T12:05:57","date_gmt":"2023-12-26T11:05:57","guid":{"rendered":"https:\/\/ralupo.me\/?p=12798"},"modified":"2023-12-26T23:51:14","modified_gmt":"2023-12-26T22:51:14","slug":"praesidentin-will-referendum-ueber-eu-beitritt-moldaus","status":"publish","type":"post","link":"https:\/\/ralupo.me\/en\/archive\/12798","title":{"rendered":"Moldaus Pr\u00e4sidentin will Referendum \u00fcber EU-Beitritt"},"content":{"rendered":"<span class=\"span-reading-time rt-reading-time\" style=\"display: block;\"><span class=\"rt-label rt-prefix\">Lesedauer<\/span> <span class=\"rt-time\"> 2<\/span> <span class=\"rt-label rt-postfix\">Minuten<\/span><\/span>\n<p class=\"wp-block-paragraph\">Die moldauische Pr\u00e4sidentin Maia Sandu hat an Weihnachten in einer Ansprache angek\u00fcndigt, f\u00fcr eine weitere Amtszeit zu kandidieren. Ferner will sie das moldauische Parlament zu bitten, ein Referendum abzuhalten: Die B\u00fcrger sollen \u00fcber den Beitritt Moldaus zur Europ\u00e4ischen Union abstimmen k\u00f6nnen. <\/p>\n\n\n\n<figure class=\"wp-block-image size-full\"><img data-recalc-dims=\"1\" fetchpriority=\"high\" decoding=\"async\" width=\"800\" height=\"450\" data-attachment-id=\"12799\" data-permalink=\"https:\/\/ralupo.me\/en\/archive\/12798\/1-46545\" data-orig-file=\"https:\/\/i0.wp.com\/ralupo.me\/wp-content\/uploads\/2023\/12\/1-46545.jpg?fit=800%2C450&amp;ssl=1\" data-orig-size=\"800,450\" data-comments-opened=\"1\" data-image-meta=\"{&quot;aperture&quot;:&quot;0&quot;,&quot;credit&quot;:&quot;&quot;,&quot;camera&quot;:&quot;&quot;,&quot;caption&quot;:&quot;&quot;,&quot;created_timestamp&quot;:&quot;0&quot;,&quot;copyright&quot;:&quot;&quot;,&quot;focal_length&quot;:&quot;0&quot;,&quot;iso&quot;:&quot;0&quot;,&quot;shutter_speed&quot;:&quot;0&quot;,&quot;title&quot;:&quot;&quot;,&quot;orientation&quot;:&quot;0&quot;}\" data-image-title=\"1-46545\" data-image-description=\"\" data-image-caption=\"\" data-medium-file=\"https:\/\/i0.wp.com\/ralupo.me\/wp-content\/uploads\/2023\/12\/1-46545.jpg?fit=300%2C169&amp;ssl=1\" data-large-file=\"https:\/\/i0.wp.com\/ralupo.me\/wp-content\/uploads\/2023\/12\/1-46545.jpg?fit=800%2C450&amp;ssl=1\" src=\"https:\/\/i0.wp.com\/ralupo.me\/wp-content\/uploads\/2023\/12\/1-46545.jpg?resize=800%2C450&#038;ssl=1\" alt=\"\" class=\"wp-image-12799\" srcset=\"https:\/\/i0.wp.com\/ralupo.me\/wp-content\/uploads\/2023\/12\/1-46545.jpg?w=800&amp;ssl=1 800w, https:\/\/i0.wp.com\/ralupo.me\/wp-content\/uploads\/2023\/12\/1-46545.jpg?resize=300%2C169&amp;ssl=1 300w, https:\/\/i0.wp.com\/ralupo.me\/wp-content\/uploads\/2023\/12\/1-46545.jpg?resize=768%2C432&amp;ssl=1 768w, https:\/\/i0.wp.com\/ralupo.me\/wp-content\/uploads\/2023\/12\/1-46545.jpg?resize=320%2C180&amp;ssl=1 320w\" sizes=\"(max-width: 800px) 100vw, 800px\" \/><figcaption class=\"wp-element-caption\">Pr\u00e4sidentin der Republik Moldau, Maia Sandu<\/figcaption><\/figure>\n\n\n\n<p class=\"wp-block-paragraph\">Sandu ist seit drei Jahren im Amt. Die Staatschefin betonte, dass sie sich w\u00e4hrend ihrer Amtszeit verpflichtet habe, die Mission der europ\u00e4ischen Integration zu vollenden:. Sie habe die Unterst\u00fctzung der Mitgliedstaaten f\u00fcr diesen Weg erhalten und sie brauche nun auch die Unterst\u00fctzung der B\u00fcrger ihres Landes, um erfolgreich zu sein.<\/p>\n\n\n\n<blockquote class=\"wp-block-quote is-layout-flow wp-block-quote-is-layout-flow\">\n<p class=\"wp-block-paragraph\">&#8220;Liebe B\u00fcrgerinnen und B\u00fcrger, vor ein paar Jahren haben wir uns gemeinsam auf den Weg gemacht, um Moldawien zu einem besseren Land zu machen. Nach drei Jahren im Amt ist es uns gelungen, den Frieden im Land zu erhalten, die Unabh\u00e4ngigkeit des Landes zu st\u00e4rken, eine b\u00fcrgernahe Regierung zu haben und Verhandlungen \u00fcber den Beitritt Moldaus zur Europ\u00e4ischen Union aufzunehmen. Unsere Zukunft liegt in der europ\u00e4ischen Familie und wir m\u00fcssen klar sagen &#8211; das ganze Land &#8211; welchen Weg wir f\u00fcr Moldawien w\u00e4hlen. Ich rufe das Parlament auf, im kommenden Herbst ein Referendum einzuberufen, bei dem die Stimme der B\u00fcrgerinnen und B\u00fcrger entscheidend sein wird&#8221;,<\/p>\n<\/blockquote>\n\n\n\n<p class=\"wp-block-paragraph\">so die Pr\u00e4sidentin.<\/p>\n\n\n\n<p class=\"wp-block-paragraph\">Sandu erw\u00e4hnte auch, dass Russland mit direkter Unterst\u00fctzung des mittlerweile get\u00f6teten Jewgeni Prigoschin und seiner S\u00f6ldnergruppe Wagner versucht habe, im Februar 2023 einen Staatsstreich gegen die moldauische Regierung anzuzetteln.<\/p>\n\n\n\n<p class=\"wp-block-paragraph\">Das kleine Land zwischen der Ukraine und Rum\u00e4nien hat mit dem Zerfall der Sowjetunion seine Unabh\u00e4ngigkeit 1991 erlangt. Der Landesteil Transnistrien hat sich abgespalten und wird von Moskau unterst\u00fctzt. Russland versucht immer wieder, das Land zu destabilisieren.<\/p>\n\n\n\n<p class=\"wp-block-paragraph\"><\/p>\n<br\/><br\/><div class=\"geolocation-plain\" id=\"geolocation12798\">Posted from Frankfurt am Main, Altstadt, Deutschland.<\/div>","protected":false},"excerpt":{"rendered":"<p>Die moldauische Pr\u00e4sidentin Maia Sandu hat an Weihnachten in einer Ansprache angek\u00fcndigt, f\u00fcr eine weitere Amtszeit zu kandidieren. Ferner will sie das moldauische Parlament zu bitten, ein Referendum abzuhalten: Die B\u00fcrger sollen \u00fcber den Beitritt Moldaus zur Europ\u00e4ischen Union abstimmen k\u00f6nnen. Sandu ist seit drei Jahren im Amt.<\/p>\n","protected":false},"author":1,"featured_media":812,"comment_status":"open","ping_status":"open","sticky":false,"template":"","format":"standard","meta":{"_crdt_document":"","advanced_seo_description":"","jetpack_seo_html_title":"","jetpack_seo_noindex":false,"_EventAllDay":false,"_EventTimezone":"","_EventStartDate":"","_EventEndDate":"","_EventStartDateUTC":"","_EventEndDateUTC":"","_EventShowMap":false,"_EventShowMapLink":false,"_EventURL":"","_EventCost":"","_EventCostDescription":"","_EventCurrencySymbol":"","_EventCurrencyCode":"","_EventCurrencyPosition":"","_EventDateTimeSeparator":"","_EventTimeRangeSeparator":"","_EventOrganizerID":[],"_EventVenueID":[],"_OrganizerEmail":"","_OrganizerPhone":"","_OrganizerWebsite":"","_VenueAddress":"","_VenueCity":"","_VenueCountry":"","_VenueProvince":"","_VenueState":"","_VenueZip":"","_VenuePhone":"","_VenueURL":"","_VenueStateProvince":"","_VenueLat":"","_VenueLng":"","_VenueShowMap":false,"_VenueShowMapLink":false,"jetpack_post_was_ever_published":false,"_jetpack_newsletter_access":"","_jetpack_dont_email_post_to_subs":false,"_jetpack_newsletter_tier_id":0,"_jetpack_memberships_contains_paywalled_content":false,"_jetpack_memberships_contains_paid_content":false,"footnotes":""},"categories":[724,327],"tags":[954,955,721,416,315],"class_list":["post-12798","post","type-post","status-publish","format-standard","has-post-thumbnail","hentry","category-europa","category-eastbound","tag-eu-beitritt","tag-praesidentin","tag-referendum","tag-moldau","tag-politik"],"jetpack_featured_media_url":"https:\/\/i0.wp.com\/ralupo.me\/wp-content\/uploads\/2020\/08\/img_7850-scaled.jpg?fit=2560%2C1920&ssl=1","jetpack_sharing_enabled":true,"jetpack-related-posts":[{"id":14458,"url":"https:\/\/ralupo.me\/en\/archive\/14458","url_meta":{"origin":12798,"position":0},"title":"OSCE zum Ausgang von Pr\u00e4sidentenwahl und Referendum in Moldau","author":"Lupo","date":"21. October 2024","format":false,"excerpt":"[:de] Die Organisation f\u00fcr Sicherheit und Zusammenarbeit in Europa (OSCE) hat den Ausgang der Pr\u00e4sidentenwahl und des Verfassungsreferendum in Moldau als \"gut geleitet\" bezeichnet und festgestellt, dass die Kandidaten als frei in ihrem Wahlkampf agieren konnten. Gleichwohl betonte die OSCE Bedenken, wonach ausl\u00e4ndische Einmischung und aktive Desinformationskampagnen die Integrit\u00e4t des\u2026","rel":"","context":"In &quot;Europa&quot;","block_context":{"text":"Europa","link":"https:\/\/ralupo.me\/en\/archive\/category\/europa"},"img":{"alt_text":"","src":"https:\/\/i0.wp.com\/ralupo.me\/wp-content\/uploads\/2023\/12\/IMG_7524-2.jpeg?fit=1200%2C900&ssl=1&resize=350%2C200","width":350,"height":200,"srcset":"https:\/\/i0.wp.com\/ralupo.me\/wp-content\/uploads\/2023\/12\/IMG_7524-2.jpeg?fit=1200%2C900&ssl=1&resize=350%2C200 1x, https:\/\/i0.wp.com\/ralupo.me\/wp-content\/uploads\/2023\/12\/IMG_7524-2.jpeg?fit=1200%2C900&ssl=1&resize=525%2C300 1.5x, https:\/\/i0.wp.com\/ralupo.me\/wp-content\/uploads\/2023\/12\/IMG_7524-2.jpeg?fit=1200%2C900&ssl=1&resize=700%2C400 2x, https:\/\/i0.wp.com\/ralupo.me\/wp-content\/uploads\/2023\/12\/IMG_7524-2.jpeg?fit=1200%2C900&ssl=1&resize=1050%2C600 3x"},"classes":[]},{"id":14266,"url":"https:\/\/ralupo.me\/en\/archive\/14266","url_meta":{"origin":12798,"position":1},"title":"Russlands hybrider Krieg um Moldau","author":"Lupo","date":"31. August 2024","format":false,"excerpt":"[:de] F\u00fcr den 20. Oktober 2024 stehen in der Republik Moldau Pr\u00e4sidentschaftswahlen an, die amtierende Pr\u00e4sidentin Maia Sandu tritt zur Wiederwahl an. Gleichzeitig hat die pro-europ\u00e4ische Pr\u00e4sidentin auch ein Referendum angesetzt: Moldaus Weg in die Europ\u00e4ische Union soll Verfassungsrang bekommen. Das Land hat zusammen mit der Ukraine Beitrittsgespr\u00e4che begonnen. In\u2026","rel":"","context":"In &quot;Europa&quot;","block_context":{"text":"Europa","link":"https:\/\/ralupo.me\/en\/archive\/category\/europa"},"img":{"alt_text":"","src":"https:\/\/i0.wp.com\/ralupo.me\/wp-content\/uploads\/2023\/12\/IMG_7513-scaled.jpeg?fit=1200%2C900&ssl=1&resize=350%2C200","width":350,"height":200,"srcset":"https:\/\/i0.wp.com\/ralupo.me\/wp-content\/uploads\/2023\/12\/IMG_7513-scaled.jpeg?fit=1200%2C900&ssl=1&resize=350%2C200 1x, https:\/\/i0.wp.com\/ralupo.me\/wp-content\/uploads\/2023\/12\/IMG_7513-scaled.jpeg?fit=1200%2C900&ssl=1&resize=525%2C300 1.5x, https:\/\/i0.wp.com\/ralupo.me\/wp-content\/uploads\/2023\/12\/IMG_7513-scaled.jpeg?fit=1200%2C900&ssl=1&resize=700%2C400 2x, https:\/\/i0.wp.com\/ralupo.me\/wp-content\/uploads\/2023\/12\/IMG_7513-scaled.jpeg?fit=1200%2C900&ssl=1&resize=1050%2C600 3x"},"classes":[]},{"id":14961,"url":"https:\/\/ralupo.me\/en\/archive\/14961","url_meta":{"origin":12798,"position":2},"title":"Aufgelesen: Lupos Leseliste #20","author":"Lupo","date":"9. June 2025","format":false,"excerpt":"[:de] W\u00e4hrend sich gegen Ende der Pfingstfeiertage das Wetter wieder anschickt, sonnig und warm zu werden, ein paar Artikel der letzten Tage, die ich erw\u00e4hnens- und lesenswert finde. * Christian St\u00f6cker schreibt im SPIEGEL \u00fcber eine laufende Desinformationskampagne des Kreml gegen die moldauische Pr\u00e4sidentin Maia Sandu. Russland versucht in Moldau\u2026","rel":"","context":"In &quot;Aufgelesen&quot;","block_context":{"text":"Aufgelesen","link":"https:\/\/ralupo.me\/en\/archive\/category\/aufgelesen"},"img":{"alt_text":"","src":"https:\/\/i0.wp.com\/ralupo.me\/wp-content\/uploads\/2025\/06\/IMG_5742-scaled.jpg?fit=1200%2C900&ssl=1&resize=350%2C200","width":350,"height":200,"srcset":"https:\/\/i0.wp.com\/ralupo.me\/wp-content\/uploads\/2025\/06\/IMG_5742-scaled.jpg?fit=1200%2C900&ssl=1&resize=350%2C200 1x, https:\/\/i0.wp.com\/ralupo.me\/wp-content\/uploads\/2025\/06\/IMG_5742-scaled.jpg?fit=1200%2C900&ssl=1&resize=525%2C300 1.5x, https:\/\/i0.wp.com\/ralupo.me\/wp-content\/uploads\/2025\/06\/IMG_5742-scaled.jpg?fit=1200%2C900&ssl=1&resize=700%2C400 2x, https:\/\/i0.wp.com\/ralupo.me\/wp-content\/uploads\/2025\/06\/IMG_5742-scaled.jpg?fit=1200%2C900&ssl=1&resize=1050%2C600 3x"},"classes":[]},{"id":15483,"url":"https:\/\/ralupo.me\/en\/archive\/15483","url_meta":{"origin":12798,"position":3},"title":"Russische Desinformationskampagne in Ungarn benutzt Deutsche Welle","author":"Lupo","date":"2. April 2026","format":false,"excerpt":"[:de] In Ungarn tobt kurz vor den anstehenden Parlamentswahlen am 12. April eine landesweite prorussische Desinformationskampagne, die mit gef\u00e4lschten Videos gegen ukrainische Gefl\u00fcchtete hetzt. Diese Clips, die angeblich von Reuters und der Deutschen Welle (DW) stammen, behaupten, Fl\u00fcchtlinge planten einen Anschlag auf Ministerpr\u00e4sident Viktor Orb\u00e1n \u2013 pure Erfindung ohne jeden\u2026","rel":"","context":"In &quot;Politik&quot;","block_context":{"text":"Politik","link":"https:\/\/ralupo.me\/en\/archive\/category\/politik"},"img":{"alt_text":"","src":"https:\/\/i0.wp.com\/ralupo.me\/wp-content\/uploads\/2026\/04\/IMG_3043-scaled.jpg?fit=1200%2C674&ssl=1&resize=350%2C200","width":350,"height":200,"srcset":"https:\/\/i0.wp.com\/ralupo.me\/wp-content\/uploads\/2026\/04\/IMG_3043-scaled.jpg?fit=1200%2C674&ssl=1&resize=350%2C200 1x, https:\/\/i0.wp.com\/ralupo.me\/wp-content\/uploads\/2026\/04\/IMG_3043-scaled.jpg?fit=1200%2C674&ssl=1&resize=525%2C300 1.5x, https:\/\/i0.wp.com\/ralupo.me\/wp-content\/uploads\/2026\/04\/IMG_3043-scaled.jpg?fit=1200%2C674&ssl=1&resize=700%2C400 2x, https:\/\/i0.wp.com\/ralupo.me\/wp-content\/uploads\/2026\/04\/IMG_3043-scaled.jpg?fit=1200%2C674&ssl=1&resize=1050%2C600 3x"},"classes":[]},{"id":5517,"url":"https:\/\/ralupo.me\/en\/archive\/5517","url_meta":{"origin":12798,"position":4},"title":"Kommission bef\u00fcrwortet Kandidatenstatus f\u00fcr Ukraine und Moldau","author":"Lupo","date":"17. June 2022","format":false,"excerpt":"[:de] Die Europ\u00e4ische Kommission hat heute ihre Stellungnahmen zu den Antr\u00e4gen Antrag der Ukraine, Georgiens und der Republik Moldau auf Beitritt zur EU vorgelegt. Die heutigen Stellungnahmen st\u00fctzen sich auf die Bewertung der Kommission anhand der drei vom Europ\u00e4ischen Rat vereinbarten Kriterienkataloge f\u00fcr den EU-Beitritt: politische Kriterien, wirtschaftliche Kriterien und\u2026","rel":"","context":"In &quot;Europa&quot;","block_context":{"text":"Europa","link":"https:\/\/ralupo.me\/en\/archive\/category\/europa"},"img":{"alt_text":"","src":"https:\/\/i0.wp.com\/ralupo.me\/wp-content\/uploads\/2022\/06\/BEF05B06-2C6C-4E2C-86F7-A3084F3CCD3B.jpeg?fit=1200%2C689&ssl=1&resize=350%2C200","width":350,"height":200,"srcset":"https:\/\/i0.wp.com\/ralupo.me\/wp-content\/uploads\/2022\/06\/BEF05B06-2C6C-4E2C-86F7-A3084F3CCD3B.jpeg?fit=1200%2C689&ssl=1&resize=350%2C200 1x, https:\/\/i0.wp.com\/ralupo.me\/wp-content\/uploads\/2022\/06\/BEF05B06-2C6C-4E2C-86F7-A3084F3CCD3B.jpeg?fit=1200%2C689&ssl=1&resize=525%2C300 1.5x, https:\/\/i0.wp.com\/ralupo.me\/wp-content\/uploads\/2022\/06\/BEF05B06-2C6C-4E2C-86F7-A3084F3CCD3B.jpeg?fit=1200%2C689&ssl=1&resize=700%2C400 2x, https:\/\/i0.wp.com\/ralupo.me\/wp-content\/uploads\/2022\/06\/BEF05B06-2C6C-4E2C-86F7-A3084F3CCD3B.jpeg?fit=1200%2C689&ssl=1&resize=1050%2C600 3x"},"classes":[]},{"id":13001,"url":"https:\/\/ralupo.me\/en\/archive\/13001","url_meta":{"origin":12798,"position":5},"title":"Silvester in Moldau","author":"Lupo","date":"31. December 2023","format":false,"excerpt":"[:de] Letztes Jahr Silvester in Tallinn, dieses Jahr ging es in die Hauptstadt der Republik Moldau: Nach Chisinau. In der Republik Moldau, die \u00fcbrigens nichts mit dem gleichnamigen Fluss zu tun hat, leben circa 2,7 Millionen Menschen. Das kleine Land in Osteuropa grenzt an Rum\u00e4nien im Westen und die Ukraine\u2026","rel":"","context":"In &quot;Eastbound&quot;","block_context":{"text":"Eastbound","link":"https:\/\/ralupo.me\/en\/archive\/category\/eastbound"},"img":{"alt_text":"","src":"https:\/\/i0.wp.com\/ralupo.me\/wp-content\/uploads\/2023\/12\/IMG_7524-2.jpeg?fit=1200%2C900&ssl=1&resize=350%2C200","width":350,"height":200,"srcset":"https:\/\/i0.wp.com\/ralupo.me\/wp-content\/uploads\/2023\/12\/IMG_7524-2.jpeg?fit=1200%2C900&ssl=1&resize=350%2C200 1x, https:\/\/i0.wp.com\/ralupo.me\/wp-content\/uploads\/2023\/12\/IMG_7524-2.jpeg?fit=1200%2C900&ssl=1&resize=525%2C300 1.5x, https:\/\/i0.wp.com\/ralupo.me\/wp-content\/uploads\/2023\/12\/IMG_7524-2.jpeg?fit=1200%2C900&ssl=1&resize=700%2C400 2x, https:\/\/i0.wp.com\/ralupo.me\/wp-content\/uploads\/2023\/12\/IMG_7524-2.jpeg?fit=1200%2C900&ssl=1&resize=1050%2C600 3x"},"classes":[]}],"jetpack_shortlink":"https:\/\/wp.me\/pcanHs-3kq","_links":{"self":[{"href":"https:\/\/ralupo.me\/en\/wp-json\/wp\/v2\/posts\/12798","targetHints":{"allow":["GET"]}}],"collection":[{"href":"https:\/\/ralupo.me\/en\/wp-json\/wp\/v2\/posts"}],"about":[{"href":"https:\/\/ralupo.me\/en\/wp-json\/wp\/v2\/types\/post"}],"author":[{"embeddable":true,"href":"https:\/\/ralupo.me\/en\/wp-json\/wp\/v2\/users\/1"}],"replies":[{"embeddable":true,"href":"https:\/\/ralupo.me\/en\/wp-json\/wp\/v2\/comments?post=12798"}],"version-history":[{"count":4,"href":"https:\/\/ralupo.me\/en\/wp-json\/wp\/v2\/posts\/12798\/revisions"}],"predecessor-version":[{"id":12878,"href":"https:\/\/ralupo.me\/en\/wp-json\/wp\/v2\/posts\/12798\/revisions\/12878"}],"wp:featuredmedia":[{"embeddable":true,"href":"https:\/\/ralupo.me\/en\/wp-json\/wp\/v2\/media\/812"}],"wp:attachment":[{"href":"https:\/\/ralupo.me\/en\/wp-json\/wp\/v2\/media?parent=12798"}],"wp:term":[{"taxonomy":"category","embeddable":true,"href":"https:\/\/ralupo.me\/en\/wp-json\/wp\/v2\/categories?post=12798"},{"taxonomy":"post_tag","embeddable":true,"href":"https:\/\/ralupo.me\/en\/wp-json\/wp\/v2\/tags?post=12798"}],"curies":[{"name":"wp","href":"https:\/\/api.w.org\/{rel}","templated":true}]}}