{"id":12771,"date":"2023-12-24T23:28:23","date_gmt":"2023-12-24T22:28:23","guid":{"rendered":"https:\/\/ralupo.me\/?p=12771"},"modified":"2023-12-26T23:55:08","modified_gmt":"2023-12-26T22:55:08","slug":"aufgelesen-lupos-lesewoche-33","status":"publish","type":"post","link":"https:\/\/ralupo.me\/en\/archive\/12771","title":{"rendered":"Aufgelesen: Lupos Lesewoche 51"},"content":{"rendered":"<span class=\"span-reading-time rt-reading-time\" style=\"display: block;\"><span class=\"rt-label rt-prefix\">Lesedauer<\/span> <span class=\"rt-time\"> 5<\/span> <span class=\"rt-label rt-postfix\">Minuten<\/span><\/span>\n<p class=\"wp-block-paragraph\">Kurze Weihnachtspause &#8211; Gelegenheit die besten Artikel der letzten Tage aus dem <a href=\"https:\/\/hq.getmatter.com\/\">\u201eMatter\u201c-Archiv<\/a> zu holen (Eine gute App als Alternative zu Instapaper und Co).<\/p>\n\n\n\n<figure class=\"wp-block-image size-large\"><img data-recalc-dims=\"1\" fetchpriority=\"high\" decoding=\"async\" width=\"1024\" height=\"768\" data-attachment-id=\"12777\" data-permalink=\"https:\/\/ralupo.me\/en\/archive\/12771\/img_7096\" data-orig-file=\"https:\/\/i0.wp.com\/ralupo.me\/wp-content\/uploads\/2023\/12\/IMG_7096-scaled.jpeg?fit=2560%2C1920&amp;ssl=1\" data-orig-size=\"2560,1920\" data-comments-opened=\"1\" data-image-meta=\"{&quot;aperture&quot;:&quot;1.8&quot;,&quot;credit&quot;:&quot;&quot;,&quot;camera&quot;:&quot;iPhone 15 Pro&quot;,&quot;caption&quot;:&quot;&quot;,&quot;created_timestamp&quot;:&quot;1702753994&quot;,&quot;copyright&quot;:&quot;\\u00a9 christian wolf&quot;,&quot;focal_length&quot;:&quot;6.86&quot;,&quot;iso&quot;:&quot;800&quot;,&quot;shutter_speed&quot;:&quot;0.05&quot;,&quot;title&quot;:&quot;&quot;,&quot;orientation&quot;:&quot;0&quot;}\" data-image-title=\"IMG_7096\" data-image-description=\"\" data-image-caption=\"\" data-medium-file=\"https:\/\/i0.wp.com\/ralupo.me\/wp-content\/uploads\/2023\/12\/IMG_7096-scaled.jpeg?fit=300%2C225&amp;ssl=1\" data-large-file=\"https:\/\/i0.wp.com\/ralupo.me\/wp-content\/uploads\/2023\/12\/IMG_7096-scaled.jpeg?fit=1024%2C768&amp;ssl=1\" src=\"https:\/\/i0.wp.com\/ralupo.me\/wp-content\/uploads\/2023\/12\/IMG_7096.jpeg?resize=1024%2C768&#038;ssl=1\" alt=\"\" class=\"wp-image-12777\" srcset=\"https:\/\/i0.wp.com\/ralupo.me\/wp-content\/uploads\/2023\/12\/IMG_7096-scaled.jpeg?resize=1024%2C768&amp;ssl=1 1024w, https:\/\/i0.wp.com\/ralupo.me\/wp-content\/uploads\/2023\/12\/IMG_7096-scaled.jpeg?resize=300%2C225&amp;ssl=1 300w, https:\/\/i0.wp.com\/ralupo.me\/wp-content\/uploads\/2023\/12\/IMG_7096-scaled.jpeg?resize=768%2C576&amp;ssl=1 768w, https:\/\/i0.wp.com\/ralupo.me\/wp-content\/uploads\/2023\/12\/IMG_7096-scaled.jpeg?resize=1536%2C1152&amp;ssl=1 1536w, https:\/\/i0.wp.com\/ralupo.me\/wp-content\/uploads\/2023\/12\/IMG_7096-scaled.jpeg?resize=2048%2C1536&amp;ssl=1 2048w, https:\/\/i0.wp.com\/ralupo.me\/wp-content\/uploads\/2023\/12\/IMG_7096-scaled.jpeg?resize=320%2C240&amp;ssl=1 320w\" sizes=\"(max-width: 1000px) 100vw, 1000px\" \/><figcaption class=\"wp-element-caption\">Nacht in Warschau<\/figcaption><\/figure>\n\n\n\n<p class=\"has-text-align-center wp-block-paragraph\">*<\/p>\n\n\n\n<p class=\"wp-block-paragraph\">Die Zeitenwende bringt nun nach und nach immer mehr Zeitdiagnosen und Standortbestimmungen auf den B\u00fcchermarkt. Ulrich Menzel hat im Herbst im Suhrkamp-Verlag sein Essay \u201eWendepunkte\u201c ver\u00f6ffentlicht, nun ist auch das Buch des Politologe Veith Selk mit dem Titel \u201eDemokratied\u00e4mmerung\u201c ebendort erschienen. <a href=\"https:\/\/www.zeit.de\/kultur\/literatur\/2023-12\/veith-selk-demokratiedaemmerung-demokratietheorie-politologe-rezension\">DIE ZEIT widmet dem Buch eine ausf\u00fchrliche d\u00fcstere Rezension<\/a>. <\/p>\n\n\n\n<blockquote class=\"wp-block-quote is-layout-flow wp-block-quote-is-layout-flow\">\n<p class=\"wp-block-paragraph\">\u201eTats\u00e4chlich funkelt f\u00fcr Selk nichts mehr. F\u00fcr ihn hat sich der klassische Liberalismus ebenso erledigt wie das optimistisch-deliberative Modell der Kritischen Theorie aus Frankfurt am Main. Und die Glaubensartikel, die die radikale Demokratietheorie, zum Beispiel in Person von Chantal Mouffe, unters Volk bringe, seien von einnehmender Schlichtheit und zutiefst widerspr\u00fcchlich. Alles \u00fcbertrieben? Im n\u00e4chsten Jahr wird im Herzland des Westens, in den Vereinigten Staaten, ein neuer Pr\u00e4sident gew\u00e4hlt. Gewinnt Donald Trump ein zweites Mal, dann ist Selks Demokratied\u00e4mmerung ein prophetisches Buch: Alles ist sterblich, lernt man, auch die Demokratie.\u201c<\/p>\n<cite>DIE ZEIT, \u201eKein Happy End f\u00fcr die Demokratie\u201c<\/cite><\/blockquote>\n\n\n<div class=\"vlp-link-container vlp-template-default wp-block-visual-link-preview-link\">\n\t<a href=\"https:\/\/www.zeit.de\/kultur\/literatur\/2023-12\/veith-selk-demokratiedaemmerung-demokratietheorie-politologe-rezension\" class=\"vlp-link\" title=\"\u201cDemokratied\u00e4mmerung\u201d von Veith Selk: Kein Happy End f\u00fcr die Demokratie\" rel=\"nofollow\" target=\"_blank\"><\/a>\t\t<div class=\"vlp-link-image-container\">\n\t\t<div class=\"vlp-link-image\">\n\t\t\t<img decoding=\"async\" src=\"https:\/\/img.zeit.de\/kultur\/literatur\/2023-12\/veith-selk-demokratiedaemmerung-demokratietheorie-politologe-rezension-bild\/wide__1300x731\" style=\"max-width: 150px; max-height: 150px\" \/>\t\t<\/div>\n\t<\/div>\n\t\t<div class=\"vlp-link-text-container\">\n\t\t\t\t<div class=\"vlp-link-title\">\n\t\t\t\u201cDemokratied\u00e4mmerung\u201d von Veith Selk: Kein Happy End f\u00fcr die Demokratie\t\t<\/div>\n\t\t\t\t\t\t<div class=\"vlp-link-summary\">\n\t\t\tIn \u201cDemokratied\u00e4mmerung\u201d stellt der Politologe Veith Selk eine brutale Niedergangsdiagnose. Das Buch k\u00f6nnte sich schon bald als prophetisch erweisen.\t\t<\/div>\n\t\t\t<\/div>\n<\/div>\n\n\n\n<p class=\"has-text-align-center wp-block-paragraph\">* *  <\/p>\n\n\n\n<figure class=\"wp-block-image size-full\"><img data-recalc-dims=\"1\" decoding=\"async\" width=\"998\" height=\"652\" data-attachment-id=\"12776\" data-permalink=\"https:\/\/ralupo.me\/en\/archive\/12771\/img_7237\" data-orig-file=\"https:\/\/i0.wp.com\/ralupo.me\/wp-content\/uploads\/2023\/12\/IMG_7237.jpeg?fit=998%2C652&amp;ssl=1\" data-orig-size=\"998,652\" data-comments-opened=\"1\" data-image-meta=\"{&quot;aperture&quot;:&quot;0&quot;,&quot;credit&quot;:&quot;&quot;,&quot;camera&quot;:&quot;&quot;,&quot;caption&quot;:&quot;&quot;,&quot;created_timestamp&quot;:&quot;0&quot;,&quot;copyright&quot;:&quot;&quot;,&quot;focal_length&quot;:&quot;0&quot;,&quot;iso&quot;:&quot;0&quot;,&quot;shutter_speed&quot;:&quot;0&quot;,&quot;title&quot;:&quot;&quot;,&quot;orientation&quot;:&quot;0&quot;}\" data-image-title=\"IMG_7237\" data-image-description=\"\" data-image-caption=\"\" data-medium-file=\"https:\/\/i0.wp.com\/ralupo.me\/wp-content\/uploads\/2023\/12\/IMG_7237.jpeg?fit=300%2C196&amp;ssl=1\" data-large-file=\"https:\/\/i0.wp.com\/ralupo.me\/wp-content\/uploads\/2023\/12\/IMG_7237.jpeg?fit=998%2C652&amp;ssl=1\" src=\"https:\/\/i0.wp.com\/ralupo.me\/wp-content\/uploads\/2023\/12\/IMG_7237.jpeg?resize=998%2C652&#038;ssl=1\" alt=\"\" class=\"wp-image-12776\" srcset=\"https:\/\/i0.wp.com\/ralupo.me\/wp-content\/uploads\/2023\/12\/IMG_7237.jpeg?w=998&amp;ssl=1 998w, https:\/\/i0.wp.com\/ralupo.me\/wp-content\/uploads\/2023\/12\/IMG_7237.jpeg?resize=300%2C196&amp;ssl=1 300w, https:\/\/i0.wp.com\/ralupo.me\/wp-content\/uploads\/2023\/12\/IMG_7237.jpeg?resize=768%2C502&amp;ssl=1 768w, https:\/\/i0.wp.com\/ralupo.me\/wp-content\/uploads\/2023\/12\/IMG_7237.jpeg?resize=320%2C209&amp;ssl=1 320w\" sizes=\"(max-width: 998px) 100vw, 998px\" \/><figcaption class=\"wp-element-caption\">In der Ukraine feiert man Weihnachten zum ersten Mal offiziell zum 25.12. statt wie bisher am 6. Januar.<\/figcaption><\/figure>\n\n\n\n<p class=\"wp-block-paragraph\">Der <em>Economist<\/em> betrachtet sorgenvoll die wackelnde Unterst\u00fctzung f\u00fcr die Ukraine in den USA und in Europa vor dem Hintergrund der Blockade im US-Kongress. <\/p>\n\n\n\n<blockquote class=\"wp-block-quote is-layout-flow wp-block-quote-is-layout-flow\">\n<p class=\"wp-block-paragraph\">\u201eThe Europeans on the other hand, have belatedly increased their contributions to Ukraine and, crucially, have promised multi-year support. Collectively they have surpassed America in overall commitments to Ukraine, according to analysis by the Kiel Institute, using data to July 31st (see right-hand chart). But America still provides the largest share of military assistance, and Europeans will fall short of their promise to supply 1m shells by March. There are growing doubts about their ability to meet commitments of financial aid.\u201c<\/p>\n<cite>The Economist, \u201eAmerica\u2019s political paralysis is complicating its support for Ukraine\u201c<\/cite><\/blockquote>\n\n\n<div class=\"vlp-link-container vlp-template-default wp-block-visual-link-preview-link\">\n\t<a href=\"https:\/\/www.economist.com\/graphic-detail\/2023\/12\/02\/americas-political-paralysis-is-complicating-its-support-for-ukraine\" class=\"vlp-link\" title=\"America\u2019s political paralysis is complicating its support for Ukraine\" rel=\"nofollow\" target=\"_blank\"><\/a>\t\t<div class=\"vlp-link-image-container\">\n\t\t<div class=\"vlp-link-image\">\n\t\t\t<img data-recalc-dims=\"1\" decoding=\"async\" src=\"https:\/\/i0.wp.com\/www.economist.com\/img\/b\/1280\/720\/90\/media-assets\/image\/20231202_WOT592.png?ssl=1\" style=\"max-width: 150px; max-height: 150px\" \/>\t\t<\/div>\n\t<\/div>\n\t\t<div class=\"vlp-link-text-container\">\n\t\t\t\t<div class=\"vlp-link-title\">\n\t\t\tAmerica\u2019s political paralysis is complicating its support for Ukraine\t\t<\/div>\n\t\t\t\t\t\t<div class=\"vlp-link-summary\">\n\t\t\tAnother congressional vote will highlight the problem\t\t<\/div>\n\t\t\t<\/div>\n<\/div>\n\n\n\n<p class=\"has-text-align-center wp-block-paragraph\">* * *<\/p>\n\n\n\n<p class=\"wp-block-paragraph\">Mit dem Beginn des russischen Gro\u00dfangriffs auf die Ukraine gingen auch zwei gro\u00dfe Exodus-Wellen russischer B\u00fcrger einher, die entweder vor einer drohenden Einberufung flohen oder das Land verlie\u00dfen, weil sie mit dem autokratischen Regime Putins nicht mehr zurecht kamen. Die Rede war von Hunderttausenden, die in Serbien, Georgien, Armenien oder Kasachstan gestrandet waren. Nun kehren immer mehr zur\u00fcck. <a href=\"https:\/\/www.faz.net\/aktuell\/ukraine\/ukraine-krieg-wie-russen-ihre-rueckkehr-aus-dem-exil-wahrnehmen-19374672.html\">Die FAZ \u00fcber Menschen, die zur\u00fcckkehren, aber vielleicht doch nicht bleiben.<\/a> <\/p>\n\n\n\n<blockquote class=\"wp-block-quote is-layout-flow wp-block-quote-is-layout-flow\">\n<p class=\"wp-block-paragraph\">\u201eAuf allen Stationen seiner Emigration, erz\u00e4hlt Dmitrij, sei er nie als Russe abgelehnt, nicht nach seiner Haltung zum Krieg gefragt worden. Nicht einmal von ukrainischen Fl\u00fcchtlingen, die er in der T\u00fcrkei traf. Doch nicht nur, dass das Nomadenleben teuer war: Die Einsamkeit in st\u00e4ndig wechselnden Hotels und Ferienwohnungen deprimierte Dmitrij. \u201eNiemand braucht dich. Es ist ein trauriges Leben\u201c, erinnert er sich. Die Moskauer Soziologin Ljubow Borusjak hat in Interviews mit R\u00fcckkehrern diese Einsamkeit als einen Hauptr\u00fcckkehrgrund aus dem Ausland ausgemacht. Hinzu k\u00e4men wirtschaftliche N\u00f6te und fehlende berufliche Perspektiven.\u201c<\/p>\n<cite>FAZ vom 11.12.23, R\u00dcCKKEHR NACH RUSSLAND<br>\u201eDu willst weg vom Krieg, aber er holt dich \u00fcberall ein\u201c<\/cite><\/blockquote>\n\n\n<div class=\"vlp-link-container vlp-template-default wp-block-visual-link-preview-link\">\n\t<a href=\"https:\/\/www.faz.net\/aktuell\/ukraine\/ukraine-krieg-wie-russen-ihre-rueckkehr-aus-dem-exil-wahrnehmen-19374672.html\" class=\"vlp-link\" title=\"Ukrainekrieg: Wie Russen ihre R\u00fcckkehr aus dem Exil wahrnehmen\" rel=\"nofollow\" target=\"_blank\"><\/a>\t\t<div class=\"vlp-link-image-container\">\n\t\t<div class=\"vlp-link-image\">\n\t\t\t<img data-recalc-dims=\"1\" decoding=\"async\" src=\"https:\/\/i0.wp.com\/media0.faz.net\/ppmedia\/aktuell\/gesellschaft\/3237079490\/1.9375034\/facebook_teaser_fplus\/das-leben-geht-weiter-in.jpg?ssl=1\" style=\"max-width: 150px; max-height: 150px\" \/>\t\t<\/div>\n\t<\/div>\n\t\t<div class=\"vlp-link-text-container\">\n\t\t\t\t<div class=\"vlp-link-title\">\n\t\t\tUkrainekrieg: Wie Russen ihre R\u00fcckkehr aus dem Exil wahrnehmen\t\t<\/div>\n\t\t\t\t\t\t<div class=\"vlp-link-summary\">\n\t\t\tHunderttausende Russen haben wegen des Krieges ihre Heimat verlassen. Nun kehren viele wieder zur\u00fcck. Doch ob sie bleiben, ist so ungewiss wie alles andere.\t\t<\/div>\n\t\t\t<\/div>\n<\/div>\n\n\n\n<p class=\"has-text-align-center wp-block-paragraph\">* * * *<\/p>\n\n\n\n<p class=\"wp-block-paragraph\">Noch ein Blick nach Russland: Dort soll im M\u00e4rz \u201egew\u00e4hlt\u201c werden. <a href=\"https:\/\/www.br.de\/nachrichten\/kultur\/es-staerkt-ihn-will-putin-ein-rechtsradikales-archaikum,TxIwlC2\">Der Bayerische Rundfunk (BR) berichtet in einem Feature \u00fcber die Wandlungen Putins<\/a>. So \u201eerfinde sich der russische Pr\u00e4sident n\u00e4mlich gerade neu als &#8220;Anti-Putin&#8221; und extremistischer Systemsprenger. Vor der Pr\u00e4sidentschaftswahl im kommenden M\u00e4rz sorge Putin absichtlich f\u00fcr eine Verunsicherung seiner Weggef\u00e4hrten und mit dem aggressiven Kampf um &#8220;traditionelle Werte&#8221; f\u00fcr eine Art &#8220;rechtsradikales Archaikum&#8221;. Die Kampagne richte sich gegen den Lebensstil in russischen Gro\u00dfst\u00e4dten und orientiere sich an den Wertvorstellungen der Provinz\u201c. Dort vermutet Putin treue W\u00e4hler. <\/p>\n\n\n\n<blockquote class=\"wp-block-quote is-layout-flow wp-block-quote-is-layout-flow\">\n<p class=\"wp-block-paragraph\">&#8220;Verbrechen zu planen ist fast dasselbe wie sie zu begehen. Und wenn man sie von der Spitze des Throns aus begeht, handelt es sich nicht mehr um Verbrechen, sondern um Staatspolitik.&#8221;<\/p>\n<cite>BR vom 02.12.23, &#8220;Es st\u00e4rkt ihn&#8221;: Will Putin ein &#8220;rechtsradikales Archaikum&#8221;?<\/cite><\/blockquote>\n\n\n<div class=\"vlp-link-container vlp-template-default wp-block-visual-link-preview-link\">\n\t<a href=\"https:\/\/www.br.de\/nachrichten\/kultur\/es-staerkt-ihn-will-putin-ein-rechtsradikales-archaikum,TxIwlC2\" class=\"vlp-link\" title=\"\u201cEs st\u00e4rkt ihn\u201d: Will Putin ein \u201crechtsradikales Archaikum\u201d?\" rel=\"nofollow\" target=\"_blank\"><\/a>\t\t<div class=\"vlp-link-image-container\">\n\t\t<div class=\"vlp-link-image\">\n\t\t\t<img data-recalc-dims=\"1\" decoding=\"async\" src=\"https:\/\/i0.wp.com\/img.br.de\/5d08aa5d-44bd-4b6d-8f49-9971dec439a6.jpeg?ssl=1\" style=\"max-width: 150px; max-height: 150px\" \/>\t\t<\/div>\n\t<\/div>\n\t\t<div class=\"vlp-link-text-container\">\n\t\t\t\t<div class=\"vlp-link-title\">\n\t\t\t\u201cEs st\u00e4rkt ihn\u201d: Will Putin ein \u201crechtsradikales Archaikum\u201d?\t\t<\/div>\n\t\t\t\t\t\t<div class=\"vlp-link-summary\">\n\t\t\tRazzien in Moskauer Schwulenclubs, aggressiver Nationalismus auf Theaterb\u00fchnen: Der Kreml geht vor der Pr\u00e4sidentschaftswahl gegen Liberale vor und setzt auf \u201cTradition\u201d: \u201cNiemand sollte sich sicher f\u00fchlen, auch die scheinbar Starken sind geschw\u00e4cht.\u201d\t\t<\/div>\n\t\t\t<\/div>\n<\/div>\n\n\n\n<p class=\"has-text-align-center wp-block-paragraph\">* * * * *<\/p>\n\n\n\n<p class=\"wp-block-paragraph\">Die EU hat den Ukrainern Mitte Dezember ein Weihnachtsgeschenk beschert, in dem sie die Aufnahme von Beitrittsverhandlungen mit der Ukraine beschlossen hat. Die FAZ mit einem optimistischen, weil realistischen Blick auf das gro\u00dfe Land mit gro\u00dfem Potential: <a href=\"https:\/\/www.faz.net\/aktuell\/wirtschaft\/oekonomen-halten-eu-beitritt-der-ukraine-fuer-machbar-19387844.html\">Ein Beitritt der Ukraine wird die EU nicht \u00fcberfordern.<\/a><\/p>\n\n\n\n<blockquote class=\"wp-block-quote is-layout-flow wp-block-quote-is-layout-flow\">\n<p class=\"wp-block-paragraph\">Volkswirtschaftlich d\u00fcrfte der Beitritt die EU kaum \u00fcberfordern. Aktuell w\u00fcrde ihre Wirtschaftsleistung um ein Prozent und die Bev\u00f6lkerungszahl um 9 Prozent steigen, \u00e4hnlich wie zum EU-Beitritt Polens 2004. Der wirtschaftlichen Gr\u00f6\u00dfe nach sei die Ukraine heute so stark wie Ungarn und Rum\u00e4nien zum Zeitpunkt ihres EU-Beitritts. Bewertet nach Kriterien des Lebensstandards sei das Land derzeit etwa so weit wie Lettland, Litauen und Rum\u00e4nien, als sie sich um eine Mitgliedschaft bewarben. (\u2026) Das starke Wachstum in den Jahren vor dem \u00dcberfall zeige, \u201edass die Ukraine die F\u00e4higkeiten hat, nach Ende des Krieges \u00e4hnlich rasch aufzuholen wie seinerzeit die neuen Mitglieder im Osten\u201c<\/p>\n<cite>FAZ vom 15.12.23, \u201eDer Ukraine-Beitritt ist machbar\u201c<\/cite><\/blockquote>\n\n\n<div class=\"vlp-link-container vlp-template-default wp-block-visual-link-preview-link\">\n\t<a href=\"https:\/\/www.faz.net\/aktuell\/wirtschaft\/oekonomen-halten-eu-beitritt-der-ukraine-fuer-machbar-19387844.html\" class=\"vlp-link\" title=\"\u00d6konomen halten EU-Beitritt der Ukraine f\u00fcr machbar\" rel=\"nofollow\" target=\"_blank\"><\/a>\t\t<div class=\"vlp-link-image-container\">\n\t\t<div class=\"vlp-link-image\">\n\t\t\t<img data-recalc-dims=\"1\" decoding=\"async\" src=\"https:\/\/i0.wp.com\/media1.faz.net\/ppmedia\/aktuell\/1669028493\/1.9387841\/facebook_teaser_fplus\/eingeschraenkt-nur-zwei-der-31.jpg?ssl=1\" style=\"max-width: 150px; max-height: 150px\" \/>\t\t<\/div>\n\t<\/div>\n\t\t<div class=\"vlp-link-text-container\">\n\t\t\t\t<div class=\"vlp-link-title\">\n\t\t\t\u00d6konomen halten EU-Beitritt der Ukraine f\u00fcr machbar\t\t<\/div>\n\t\t\t\t\t\t<div class=\"vlp-link-summary\">\n\t\t\tVor der EU-Mitgliedschaft der Ukraine stehen viele hohe H\u00fcrden. Doch \u00d6konomen halten einen Beitritt binnen zehn Jahren f\u00fcr m\u00f6glich. Die Probleme seien l\u00f6sbar.\t\t<\/div>\n\t\t\t<\/div>\n<\/div>\n\n\n\n<p class=\"wp-block-paragraph\">Und damit, w\u00e4hrend ich diesen Post aus dem Saarland schreibe, alles nicht zu Ukraine-lastig wird, ein paar T\u00f6ne aus Frankreich zum Abschluss:<\/p>\n\n\n\n<blockquote class=\"wp-block-quote is-layout-flow wp-block-quote-is-layout-flow\">\n<p class=\"wp-block-paragraph\">Les murs se souviennent-ils de nous?<br>De nos promesses?<br>Il m&#8217;arrive de me rendre \u00e0 l&#8217;adresse<br>De notre grand amour<br>Je passe devant et puis j&#8217;esp\u00e8re<br>Te voir par la fen\u00eatre<br>Confiant, sourire au coin des l\u00e8vres<br>Et puis je l\u00e8ve la t\u00eate<br>Je vois qu&#8217;il y a de la lumi\u00e8re<\/p>\n\n\n\n<p class=\"wp-block-paragraph\">D&#8217;autres que nous<br>Y passeront leurs nuits d&#8217;hiver<br>Au coin du feu doux<br>D&#8217;autres que nous<br>Feront l&#8217;amour sous ces fen\u00eatres<br>D&#8217;autres que nous<br>Vivront de longues nuits de f\u00eates<br>D&#8217;autres que nous<br>Feront la guerre ou bien peut-\u00eatre<br>S&#8217;aimeront ils pour toujours?<br>D&#8217;autres comme nous feront pareil<br>14 boulevard Saint Michel<\/p>\n<\/blockquote>\n\n\n\n<figure class=\"wp-block-embed is-type-rich is-provider-spotify wp-block-embed-spotify wp-embed-aspect-21-9 wp-has-aspect-ratio\"><div class=\"wp-block-embed__wrapper\">\n<iframe title=\"Spotify Embed: D&amp;apos;autres que nous - 14 boulevard Saint-Michel\" style=\"border-radius: 12px\" width=\"100%\" height=\"152\" frameborder=\"0\" allowfullscreen allow=\"autoplay; clipboard-write; encrypted-media; fullscreen; picture-in-picture\" loading=\"lazy\" src=\"https:\/\/open.spotify.com\/embed\/track\/0g9jdD3YfsDmvuQsXsb3jc?si=ubmuFULvTGqueP4VsNNp_g&#038;utm_source=oembed\"><\/iframe>\n<\/div><\/figure>\n<br\/><br\/><div class=\"geolocation-plain\" id=\"geolocation12771\">Posted from Saarbr\u00fccken, St. Johann, Deutschland.<\/div>","protected":false},"excerpt":{"rendered":"<p>Kurze Weihnachtspause &#8211; Gelegenheit die besten Artikel der letzten Tage aus dem \u201eMatter\u201c-Archiv zu holen (Eine gute App als Alternative zu Instapaper und Co). * Die Zeitenwende bringt nun nach [&hellip;]<\/p>\n","protected":false},"author":1,"featured_media":12779,"comment_status":"open","ping_status":"open","sticky":false,"template":"","format":"standard","meta":{"_crdt_document":"","advanced_seo_description":"","jetpack_seo_html_title":"","jetpack_seo_noindex":false,"_EventAllDay":false,"_EventTimezone":"","_EventStartDate":"","_EventEndDate":"","_EventStartDateUTC":"","_EventEndDateUTC":"","_EventShowMap":false,"_EventShowMapLink":false,"_EventURL":"","_EventCost":"","_EventCostDescription":"","_EventCurrencySymbol":"","_EventCurrencyCode":"","_EventCurrencyPosition":"","_EventDateTimeSeparator":"","_EventTimeRangeSeparator":"","_EventOrganizerID":[],"_EventVenueID":[],"_OrganizerEmail":"","_OrganizerPhone":"","_OrganizerWebsite":"","_VenueAddress":"","_VenueCity":"","_VenueCountry":"","_VenueProvince":"","_VenueState":"","_VenueZip":"","_VenuePhone":"","_VenueURL":"","_VenueStateProvince":"","_VenueLat":"","_VenueLng":"","_VenueShowMap":false,"_VenueShowMapLink":false,"jetpack_post_was_ever_published":false,"_jetpack_newsletter_access":"","_jetpack_dont_email_post_to_subs":false,"_jetpack_newsletter_tier_id":0,"_jetpack_memberships_contains_paywalled_content":false,"_jetpack_memberships_contains_paid_content":false,"footnotes":""},"categories":[368],"tags":[315,595,333,25],"class_list":["post-12771","post","type-post","status-publish","format-standard","has-post-thumbnail","hentry","category-aufgelesen","tag-politik","tag-presse","tag-russland","tag-ukraine"],"jetpack_featured_media_url":"https:\/\/i0.wp.com\/ralupo.me\/wp-content\/uploads\/2023\/12\/IMG_6789-scaled.jpeg?fit=2560%2C1920&ssl=1","jetpack_sharing_enabled":true,"jetpack-related-posts":[{"id":3015,"url":"https:\/\/ralupo.me\/en\/archive\/3015","url_meta":{"origin":12771,"position":0},"title":"Zerst\u00f6rerischer als Trump","author":"Lupo","date":"26. January 2022","format":false,"excerpt":"Die S\u00fcddeutsche Zeitung kommentiert (leider hinter Bezahlschranke) zur deutschen Haltung im Russland-Konflikt: Scholz\u2019s inaction \u201cis damaging the transatlantic relationship more than Trump ever did,\u201d writes S\u00fcddeutsche Zeitung. \u201cWhen the American president does more to prevent a war in Europe than the German chancellor, there is something wrong with German foreign\u2026","rel":"","context":"In &quot;Aufgelesen&quot;","block_context":{"text":"Aufgelesen","link":"https:\/\/ralupo.me\/en\/archive\/category\/aufgelesen"},"img":{"alt_text":"","src":"https:\/\/i0.wp.com\/ralupo.me\/wp-content\/uploads\/2022\/01\/img_1111-scaled.jpg?fit=1200%2C900&ssl=1&resize=350%2C200","width":350,"height":200,"srcset":"https:\/\/i0.wp.com\/ralupo.me\/wp-content\/uploads\/2022\/01\/img_1111-scaled.jpg?fit=1200%2C900&ssl=1&resize=350%2C200 1x, https:\/\/i0.wp.com\/ralupo.me\/wp-content\/uploads\/2022\/01\/img_1111-scaled.jpg?fit=1200%2C900&ssl=1&resize=525%2C300 1.5x, https:\/\/i0.wp.com\/ralupo.me\/wp-content\/uploads\/2022\/01\/img_1111-scaled.jpg?fit=1200%2C900&ssl=1&resize=700%2C400 2x, https:\/\/i0.wp.com\/ralupo.me\/wp-content\/uploads\/2022\/01\/img_1111-scaled.jpg?fit=1200%2C900&ssl=1&resize=1050%2C600 3x"},"classes":[]},{"id":10770,"url":"https:\/\/ralupo.me\/en\/archive\/10770","url_meta":{"origin":12771,"position":1},"title":"&#8220;Und habe nichts einzuwenden&#8221;","author":"Lupo","date":"15. October 2023","format":false,"excerpt":"[:de]Aber ich denke an Coventry \u2013 und habe nichts einzuwenden gegen die Lehre, da\u00df alles bezahlt werden mu\u00df.[:]","rel":"","context":"In &quot;Aufgelesen&quot;","block_context":{"text":"Aufgelesen","link":"https:\/\/ralupo.me\/en\/archive\/category\/aufgelesen"},"img":{"alt_text":"","src":"https:\/\/i0.wp.com\/ralupo.me\/wp-content\/uploads\/2023\/10\/IMG_4793.jpg?fit=1200%2C900&ssl=1&resize=350%2C200","width":350,"height":200,"srcset":"https:\/\/i0.wp.com\/ralupo.me\/wp-content\/uploads\/2023\/10\/IMG_4793.jpg?fit=1200%2C900&ssl=1&resize=350%2C200 1x, https:\/\/i0.wp.com\/ralupo.me\/wp-content\/uploads\/2023\/10\/IMG_4793.jpg?fit=1200%2C900&ssl=1&resize=525%2C300 1.5x, https:\/\/i0.wp.com\/ralupo.me\/wp-content\/uploads\/2023\/10\/IMG_4793.jpg?fit=1200%2C900&ssl=1&resize=700%2C400 2x, https:\/\/i0.wp.com\/ralupo.me\/wp-content\/uploads\/2023\/10\/IMG_4793.jpg?fit=1200%2C900&ssl=1&resize=1050%2C600 3x"},"classes":[]},{"id":14109,"url":"https:\/\/ralupo.me\/en\/archive\/14109","url_meta":{"origin":12771,"position":2},"title":"Aufgelesen: Lupos Lesewoche #13","author":"Lupo","date":"23. June 2024","format":false,"excerpt":"[:de] Eine sehr fu\u00dfballgepr\u00e4gte Woche geht zu Ende und daran wird sich wohl auch bis Mitte Juli wenig \u00e4ndern. Die Europameisterschaft hat Deutschland gepackt, an der auch die Nationalmannschaft der Ukraine teilnimmt. Am Montag und Freitag fanden die Vorrundenspiele gegen Rum\u00e4nien in M\u00fcnchen und gegen die Slowakei in D\u00fcsseldorf statt.\u2026","rel":"","context":"In &quot;Aufgelesen&quot;","block_context":{"text":"Aufgelesen","link":"https:\/\/ralupo.me\/en\/archive\/category\/aufgelesen"},"img":{"alt_text":"","src":"https:\/\/i0.wp.com\/ralupo.me\/wp-content\/uploads\/2024\/06\/IMG_3401-scaled.jpeg?fit=1200%2C900&ssl=1&resize=350%2C200","width":350,"height":200,"srcset":"https:\/\/i0.wp.com\/ralupo.me\/wp-content\/uploads\/2024\/06\/IMG_3401-scaled.jpeg?fit=1200%2C900&ssl=1&resize=350%2C200 1x, https:\/\/i0.wp.com\/ralupo.me\/wp-content\/uploads\/2024\/06\/IMG_3401-scaled.jpeg?fit=1200%2C900&ssl=1&resize=525%2C300 1.5x, https:\/\/i0.wp.com\/ralupo.me\/wp-content\/uploads\/2024\/06\/IMG_3401-scaled.jpeg?fit=1200%2C900&ssl=1&resize=700%2C400 2x, https:\/\/i0.wp.com\/ralupo.me\/wp-content\/uploads\/2024\/06\/IMG_3401-scaled.jpeg?fit=1200%2C900&ssl=1&resize=1050%2C600 3x"},"classes":[]},{"id":14251,"url":"https:\/\/ralupo.me\/en\/archive\/14251","url_meta":{"origin":12771,"position":3},"title":"Aufgelesen: Lupos Leseliste #18","author":"Lupo","date":"25. August 2024","format":false,"excerpt":"[:de] Seit dem 06. August 2024 halten ukrainische Truppen nun Teile des russischen Gebiets Kursk besetzt und r\u00fccken sogar weiter vor. F\u00fcr Putin ein weiteres Desaster, das Russlands Schw\u00e4che schonungslos offenbart. Der ersten Invasion fremder Truppen auf ihrem Staatsgebiet seit dem 2. Weltkrieg hat die Atomsupermacht nichts entgegenzusetzen. Es offenbart\u2026","rel":"","context":"In &quot;Aufgelesen&quot;","block_context":{"text":"Aufgelesen","link":"https:\/\/ralupo.me\/en\/archive\/category\/aufgelesen"},"img":{"alt_text":"","src":"https:\/\/i0.wp.com\/ralupo.me\/wp-content\/uploads\/2024\/08\/IMG_4819_jpg-scaled.jpeg?fit=1200%2C900&ssl=1&resize=350%2C200","width":350,"height":200,"srcset":"https:\/\/i0.wp.com\/ralupo.me\/wp-content\/uploads\/2024\/08\/IMG_4819_jpg-scaled.jpeg?fit=1200%2C900&ssl=1&resize=350%2C200 1x, https:\/\/i0.wp.com\/ralupo.me\/wp-content\/uploads\/2024\/08\/IMG_4819_jpg-scaled.jpeg?fit=1200%2C900&ssl=1&resize=525%2C300 1.5x, https:\/\/i0.wp.com\/ralupo.me\/wp-content\/uploads\/2024\/08\/IMG_4819_jpg-scaled.jpeg?fit=1200%2C900&ssl=1&resize=700%2C400 2x, https:\/\/i0.wp.com\/ralupo.me\/wp-content\/uploads\/2024\/08\/IMG_4819_jpg-scaled.jpeg?fit=1200%2C900&ssl=1&resize=1050%2C600 3x"},"classes":[]},{"id":13036,"url":"https:\/\/ralupo.me\/en\/archive\/13036","url_meta":{"origin":12771,"position":4},"title":"Berlin brennt endlich","author":"Lupo","date":"1. January 2024","format":false,"excerpt":"[:de] Patriotismus, aus dem franz\u00f6sischen kommend, bezeichnet eine besondere Wertsch\u00e4tzung der Traditionen, der kulturellen und historischen Werte und Leistungen des eigenen Volkes. Wer die vergangene Silvesternacht in den sozialen Medien verfolgt hat, ist bei den einschl\u00e4gigen Berufspatrioten auf eine ganz neue Form des \u201ePatriotismus\u201c gesto\u00dfen: Einen Vulg\u00e4r-Patriotismus, getragen von einer\u2026","rel":"","context":"In &quot;Politik&quot;","block_context":{"text":"Politik","link":"https:\/\/ralupo.me\/en\/archive\/category\/politik"},"img":{"alt_text":"","src":"https:\/\/i0.wp.com\/ralupo.me\/wp-content\/uploads\/2024\/01\/IMG_7642-scaled.jpeg?fit=1200%2C900&ssl=1&resize=350%2C200","width":350,"height":200,"srcset":"https:\/\/i0.wp.com\/ralupo.me\/wp-content\/uploads\/2024\/01\/IMG_7642-scaled.jpeg?fit=1200%2C900&ssl=1&resize=350%2C200 1x, https:\/\/i0.wp.com\/ralupo.me\/wp-content\/uploads\/2024\/01\/IMG_7642-scaled.jpeg?fit=1200%2C900&ssl=1&resize=525%2C300 1.5x, https:\/\/i0.wp.com\/ralupo.me\/wp-content\/uploads\/2024\/01\/IMG_7642-scaled.jpeg?fit=1200%2C900&ssl=1&resize=700%2C400 2x, https:\/\/i0.wp.com\/ralupo.me\/wp-content\/uploads\/2024\/01\/IMG_7642-scaled.jpeg?fit=1200%2C900&ssl=1&resize=1050%2C600 3x"},"classes":[]},{"id":3844,"url":"https:\/\/ralupo.me\/en\/archive\/3844","url_meta":{"origin":12771,"position":5},"title":"Das &#8220;verbotene Interview&#8221; &#8211; mit Untertiteln","author":"Lupo","date":"28. March 2022","format":false,"excerpt":"[:de] Der ukrainische Pr\u00e4sident Wolodimir Selenskij hat am Wochenende erstmals seit Kriegsbeginn vier russischen Journalisten ein Interview gegeben und damit in Russland helle Aufregung verursacht. Denn die russische Medienaufsicht und die Generalstaatsanwaltschaft haben angek\u00fcndigt, gegen die Ver\u00f6ffentlichung des Interviews vorgehen zu wollen. Auch den Journalisten wurden Konsequenzen angedroht. Erfolgreich d\u00fcrfte\u2026","rel":"","context":"In &quot;Aufgelesen&quot;","block_context":{"text":"Aufgelesen","link":"https:\/\/ralupo.me\/en\/archive\/category\/aufgelesen"},"img":{"alt_text":"","src":"https:\/\/i0.wp.com\/ralupo.me\/wp-content\/uploads\/2022\/03\/img_6221.jpg?fit=1200%2C901&ssl=1&resize=350%2C200","width":350,"height":200,"srcset":"https:\/\/i0.wp.com\/ralupo.me\/wp-content\/uploads\/2022\/03\/img_6221.jpg?fit=1200%2C901&ssl=1&resize=350%2C200 1x, https:\/\/i0.wp.com\/ralupo.me\/wp-content\/uploads\/2022\/03\/img_6221.jpg?fit=1200%2C901&ssl=1&resize=525%2C300 1.5x, https:\/\/i0.wp.com\/ralupo.me\/wp-content\/uploads\/2022\/03\/img_6221.jpg?fit=1200%2C901&ssl=1&resize=700%2C400 2x, https:\/\/i0.wp.com\/ralupo.me\/wp-content\/uploads\/2022\/03\/img_6221.jpg?fit=1200%2C901&ssl=1&resize=1050%2C600 3x"},"classes":[]}],"jetpack_shortlink":"https:\/\/wp.me\/pcanHs-3jZ","_links":{"self":[{"href":"https:\/\/ralupo.me\/en\/wp-json\/wp\/v2\/posts\/12771","targetHints":{"allow":["GET"]}}],"collection":[{"href":"https:\/\/ralupo.me\/en\/wp-json\/wp\/v2\/posts"}],"about":[{"href":"https:\/\/ralupo.me\/en\/wp-json\/wp\/v2\/types\/post"}],"author":[{"embeddable":true,"href":"https:\/\/ralupo.me\/en\/wp-json\/wp\/v2\/users\/1"}],"replies":[{"embeddable":true,"href":"https:\/\/ralupo.me\/en\/wp-json\/wp\/v2\/comments?post=12771"}],"version-history":[{"count":4,"href":"https:\/\/ralupo.me\/en\/wp-json\/wp\/v2\/posts\/12771\/revisions"}],"predecessor-version":[{"id":12880,"href":"https:\/\/ralupo.me\/en\/wp-json\/wp\/v2\/posts\/12771\/revisions\/12880"}],"wp:featuredmedia":[{"embeddable":true,"href":"https:\/\/ralupo.me\/en\/wp-json\/wp\/v2\/media\/12779"}],"wp:attachment":[{"href":"https:\/\/ralupo.me\/en\/wp-json\/wp\/v2\/media?parent=12771"}],"wp:term":[{"taxonomy":"category","embeddable":true,"href":"https:\/\/ralupo.me\/en\/wp-json\/wp\/v2\/categories?post=12771"},{"taxonomy":"post_tag","embeddable":true,"href":"https:\/\/ralupo.me\/en\/wp-json\/wp\/v2\/tags?post=12771"}],"curies":[{"name":"wp","href":"https:\/\/api.w.org\/{rel}","templated":true}]}}