{"id":1268,"date":"2020-10-25T15:12:52","date_gmt":"2020-10-25T15:12:52","guid":{"rendered":"https:\/\/ralupo.me\/?p=1268&#038;preview=true&#038;preview_id=1268"},"modified":"2020-11-10T01:41:38","modified_gmt":"2020-11-10T01:41:38","slug":"die-rueckkehr-des-ziegelsteins","status":"publish","type":"post","link":"https:\/\/ralupo.me\/en\/archive\/1268","title":{"rendered":"Die R\u00fcckkehr des Ziegelsteins"},"content":{"rendered":"<span class=\"span-reading-time rt-reading-time\" style=\"display: block;\"><span class=\"rt-label rt-prefix\">Lesedauer<\/span> <span class=\"rt-time\"> 3<\/span> <span class=\"rt-label rt-postfix\">Minuten<\/span><\/span>\n<p class=\"has-drop-cap wp-block-paragraph\">Sommerferien, Herbst, neues iPhone, Weihnachten. Das \u00fcbliche Ritual der zweiten Jahresh\u00e4lfte kann auch Corona nicht verhindern. Allerdings ein ganz klein wenig verz\u00f6gern. Die Pr\u00e4sentation des diesj\u00e4hrigen iPhones hat sich von September auf Oktober verschoben und die neuen Ger\u00e4te werden zu unterschiedlichen Terminen ausgeliefert: Zun\u00e4chst das iPhone 12 und 12 Pro (ab 23.10.2020), danach das neue iPhone 12 Mini und das gr\u00f6\u00dfte Ger\u00e4t der Serie, das iPhone 12 Pro Max.<\/p>\n\n\n\n<figure class=\"wp-block-image size-large\"><img data-recalc-dims=\"1\" fetchpriority=\"high\" decoding=\"async\" width=\"1024\" height=\"576\" data-attachment-id=\"1263\" data-permalink=\"https:\/\/ralupo.me\/en\/archive\/1268\/img_6769\" data-orig-file=\"https:\/\/i0.wp.com\/ralupo.me\/wp-content\/uploads\/2020\/10\/img_6769-scaled.jpg?fit=2560%2C1440&amp;ssl=1\" data-orig-size=\"2560,1440\" data-comments-opened=\"1\" data-image-meta=\"{&quot;aperture&quot;:&quot;0&quot;,&quot;credit&quot;:&quot;&quot;,&quot;camera&quot;:&quot;&quot;,&quot;caption&quot;:&quot;&quot;,&quot;created_timestamp&quot;:&quot;0&quot;,&quot;copyright&quot;:&quot;&quot;,&quot;focal_length&quot;:&quot;0&quot;,&quot;iso&quot;:&quot;0&quot;,&quot;shutter_speed&quot;:&quot;0&quot;,&quot;title&quot;:&quot;&quot;,&quot;orientation&quot;:&quot;0&quot;}\" data-image-title=\"img_6769\" data-image-description=\"\" data-image-caption=\"\" data-medium-file=\"https:\/\/i0.wp.com\/ralupo.me\/wp-content\/uploads\/2020\/10\/img_6769-scaled.jpg?fit=300%2C169&amp;ssl=1\" data-large-file=\"https:\/\/i0.wp.com\/ralupo.me\/wp-content\/uploads\/2020\/10\/img_6769-scaled.jpg?fit=1024%2C576&amp;ssl=1\" src=\"https:\/\/i0.wp.com\/ralupo.me\/wp-content\/uploads\/2020\/10\/img_6769.jpg?resize=1024%2C576&#038;ssl=1\" alt=\"\" class=\"wp-image-1263\" srcset=\"https:\/\/i0.wp.com\/ralupo.me\/wp-content\/uploads\/2020\/10\/img_6769-scaled.jpg?resize=1024%2C576&amp;ssl=1 1024w, https:\/\/i0.wp.com\/ralupo.me\/wp-content\/uploads\/2020\/10\/img_6769-scaled.jpg?resize=600%2C338&amp;ssl=1 600w, https:\/\/i0.wp.com\/ralupo.me\/wp-content\/uploads\/2020\/10\/img_6769-scaled.jpg?resize=300%2C169&amp;ssl=1 300w, https:\/\/i0.wp.com\/ralupo.me\/wp-content\/uploads\/2020\/10\/img_6769-scaled.jpg?resize=768%2C432&amp;ssl=1 768w, https:\/\/i0.wp.com\/ralupo.me\/wp-content\/uploads\/2020\/10\/img_6769-scaled.jpg?resize=1536%2C864&amp;ssl=1 1536w, https:\/\/i0.wp.com\/ralupo.me\/wp-content\/uploads\/2020\/10\/img_6769-scaled.jpg?resize=2048%2C1152&amp;ssl=1 2048w, https:\/\/i0.wp.com\/ralupo.me\/wp-content\/uploads\/2020\/10\/img_6769-scaled.jpg?resize=1100%2C619&amp;ssl=1 1100w, https:\/\/i0.wp.com\/ralupo.me\/wp-content\/uploads\/2020\/10\/img_6769-scaled.jpg?resize=550%2C309&amp;ssl=1 550w, https:\/\/i0.wp.com\/ralupo.me\/wp-content\/uploads\/2020\/10\/img_6769-scaled.jpg?resize=160%2C90&amp;ssl=1 160w\" sizes=\"(max-width: 1000px) 100vw, 1000px\" \/><figcaption>Frisch im Shop ausgeliefert: Das neue iPhone 12 Pro<\/figcaption><\/figure>\n\n\n\n<p class=\"wp-block-paragraph\">Apple bietet mit den neuen Ger\u00e4ten auch neue Farbvarianten an und nach Jahren des edlen Grau war mir mal nach einer Ver\u00e4nderung: Deswegen erfolgte die Bestellung des diesj\u00e4hrigen High-End-Modells in &#8220;Mitternachtsblau&#8221;. Das Ger\u00e4t konnte seit dem 16.10.2020 vorbestellt werden, Verkaufssstart war der 23.10.2020 in Deutschland und erstaunlicherweise (oder erfreulicherweise) war das Ger\u00e4t auch p\u00fcnktlich im Laden zur Abholung bereit. Die Telekom k\u00fcndigte dies rechtzeitig einen Tag vorher an und nach Anlieferung im Store gab es eine kurze SMS-Nachricht, dass das Ger\u00e4t abgeholt werden kann. Ich hatte nach meinen letzten DHL Express-Abenteuern mit mehr Komplikationen gerechnet. <\/p>\n\n\n\n<figure class=\"wp-block-image size-large\"><img data-recalc-dims=\"1\" decoding=\"async\" width=\"1024\" height=\"575\" data-attachment-id=\"1265\" data-permalink=\"https:\/\/ralupo.me\/en\/archive\/1268\/image-2\" data-orig-file=\"https:\/\/i0.wp.com\/ralupo.me\/wp-content\/uploads\/2020\/10\/image.jpg?fit=2436%2C1369&amp;ssl=1\" data-orig-size=\"2436,1369\" data-comments-opened=\"1\" data-image-meta=\"{&quot;aperture&quot;:&quot;0&quot;,&quot;credit&quot;:&quot;&quot;,&quot;camera&quot;:&quot;&quot;,&quot;caption&quot;:&quot;&quot;,&quot;created_timestamp&quot;:&quot;0&quot;,&quot;copyright&quot;:&quot;&quot;,&quot;focal_length&quot;:&quot;0&quot;,&quot;iso&quot;:&quot;0&quot;,&quot;shutter_speed&quot;:&quot;0&quot;,&quot;title&quot;:&quot;&quot;,&quot;orientation&quot;:&quot;0&quot;}\" data-image-title=\"image\" data-image-description=\"\" data-image-caption=\"\" data-medium-file=\"https:\/\/i0.wp.com\/ralupo.me\/wp-content\/uploads\/2020\/10\/image.jpg?fit=300%2C169&amp;ssl=1\" data-large-file=\"https:\/\/i0.wp.com\/ralupo.me\/wp-content\/uploads\/2020\/10\/image.jpg?fit=1024%2C575&amp;ssl=1\" src=\"https:\/\/i0.wp.com\/ralupo.me\/wp-content\/uploads\/2020\/10\/image.jpg?resize=1024%2C575&#038;ssl=1\" alt=\"\" class=\"wp-image-1265\" srcset=\"https:\/\/i0.wp.com\/ralupo.me\/wp-content\/uploads\/2020\/10\/image.jpg?resize=1024%2C575&amp;ssl=1 1024w, https:\/\/i0.wp.com\/ralupo.me\/wp-content\/uploads\/2020\/10\/image.jpg?resize=600%2C337&amp;ssl=1 600w, https:\/\/i0.wp.com\/ralupo.me\/wp-content\/uploads\/2020\/10\/image.jpg?resize=300%2C169&amp;ssl=1 300w, https:\/\/i0.wp.com\/ralupo.me\/wp-content\/uploads\/2020\/10\/image.jpg?resize=768%2C432&amp;ssl=1 768w, https:\/\/i0.wp.com\/ralupo.me\/wp-content\/uploads\/2020\/10\/image.jpg?resize=1536%2C863&amp;ssl=1 1536w, https:\/\/i0.wp.com\/ralupo.me\/wp-content\/uploads\/2020\/10\/image.jpg?resize=2048%2C1151&amp;ssl=1 2048w, https:\/\/i0.wp.com\/ralupo.me\/wp-content\/uploads\/2020\/10\/image.jpg?resize=1100%2C618&amp;ssl=1 1100w, https:\/\/i0.wp.com\/ralupo.me\/wp-content\/uploads\/2020\/10\/image.jpg?resize=550%2C309&amp;ssl=1 550w, https:\/\/i0.wp.com\/ralupo.me\/wp-content\/uploads\/2020\/10\/image.jpg?resize=160%2C90&amp;ssl=1 160w\" sizes=\"(max-width: 1000px) 100vw, 1000px\" \/><figcaption>Unboxing: Noch weniger Verpackung &#8211; kein Ladeger\u00e4t<\/figcaption><\/figure>\n\n\n\n<p class=\"wp-block-paragraph\">Apple hat wie angek\u00fcndigt,<a href=\"https:\/\/www.macwelt.de\/news\/iPhone-12-ohne-Ladegeraet-Nicht-im-Ernst-Apple-10837222.html\" class=\"rank-math-link\"> auf das Ladeger\u00e4t in der Verpackung verzichtet<\/a>, die ganze Verpackung f\u00e4llt insoweit noch minimalistischer und wesentlich flacher aus, da der Ladestecker fehlt. Meine Emp\u00f6rung dar\u00fcber hielt sich in Grenzen, denn tats\u00e4chlich habe ich noch diverse Altbest\u00e4nde rumliegen. Wirklich brauchen tue ich ein neues Ladeger\u00e4t daher nicht. F\u00fcr alle anderen: Apple bietet seine Ladeteile in den Apple-Stores nun zum erm\u00e4\u00dfigten Preis an und auch die Telekom schickte gleich eine e-Mail mit einem 20%-Gutschein f\u00fcr den Neukauf von Apple-Zubeh\u00f6r. Au\u00dferdem <a href=\"https:\/\/www.macerkopf.de\/2020\/10\/25\/apple-so-magsafe-ladegeraet-iphone\/\" class=\"rank-math-link\">schiele ich auf das MagSafe-Ger\u00e4t<\/a>, das allerdings bei Apple am 23.10.2020 noch nicht zu haben war.<\/p>\n\n\n\n<figure class=\"wp-block-image size-large\"><img data-recalc-dims=\"1\" decoding=\"async\" width=\"1024\" height=\"576\" data-attachment-id=\"1266\" data-permalink=\"https:\/\/ralupo.me\/en\/archive\/1268\/img_6777\" data-orig-file=\"https:\/\/i0.wp.com\/ralupo.me\/wp-content\/uploads\/2020\/10\/img_6777-scaled.jpg?fit=2560%2C1440&amp;ssl=1\" data-orig-size=\"2560,1440\" data-comments-opened=\"1\" data-image-meta=\"{&quot;aperture&quot;:&quot;0&quot;,&quot;credit&quot;:&quot;&quot;,&quot;camera&quot;:&quot;&quot;,&quot;caption&quot;:&quot;&quot;,&quot;created_timestamp&quot;:&quot;0&quot;,&quot;copyright&quot;:&quot;&quot;,&quot;focal_length&quot;:&quot;0&quot;,&quot;iso&quot;:&quot;0&quot;,&quot;shutter_speed&quot;:&quot;0&quot;,&quot;title&quot;:&quot;&quot;,&quot;orientation&quot;:&quot;0&quot;}\" data-image-title=\"img_6777\" data-image-description=\"\" data-image-caption=\"\" data-medium-file=\"https:\/\/i0.wp.com\/ralupo.me\/wp-content\/uploads\/2020\/10\/img_6777-scaled.jpg?fit=300%2C169&amp;ssl=1\" data-large-file=\"https:\/\/i0.wp.com\/ralupo.me\/wp-content\/uploads\/2020\/10\/img_6777-scaled.jpg?fit=1024%2C576&amp;ssl=1\" src=\"https:\/\/i0.wp.com\/ralupo.me\/wp-content\/uploads\/2020\/10\/img_6777.jpg?resize=1024%2C576&#038;ssl=1\" alt=\"\" class=\"wp-image-1266\" srcset=\"https:\/\/i0.wp.com\/ralupo.me\/wp-content\/uploads\/2020\/10\/img_6777-scaled.jpg?resize=1024%2C576&amp;ssl=1 1024w, https:\/\/i0.wp.com\/ralupo.me\/wp-content\/uploads\/2020\/10\/img_6777-scaled.jpg?resize=600%2C338&amp;ssl=1 600w, https:\/\/i0.wp.com\/ralupo.me\/wp-content\/uploads\/2020\/10\/img_6777-scaled.jpg?resize=300%2C169&amp;ssl=1 300w, https:\/\/i0.wp.com\/ralupo.me\/wp-content\/uploads\/2020\/10\/img_6777-scaled.jpg?resize=768%2C432&amp;ssl=1 768w, https:\/\/i0.wp.com\/ralupo.me\/wp-content\/uploads\/2020\/10\/img_6777-scaled.jpg?resize=1536%2C864&amp;ssl=1 1536w, https:\/\/i0.wp.com\/ralupo.me\/wp-content\/uploads\/2020\/10\/img_6777-scaled.jpg?resize=2048%2C1152&amp;ssl=1 2048w, https:\/\/i0.wp.com\/ralupo.me\/wp-content\/uploads\/2020\/10\/img_6777-scaled.jpg?resize=1100%2C619&amp;ssl=1 1100w, https:\/\/i0.wp.com\/ralupo.me\/wp-content\/uploads\/2020\/10\/img_6777-scaled.jpg?resize=550%2C309&amp;ssl=1 550w, https:\/\/i0.wp.com\/ralupo.me\/wp-content\/uploads\/2020\/10\/img_6777-scaled.jpg?resize=160%2C90&amp;ssl=1 160w\" sizes=\"(max-width: 1000px) 100vw, 1000px\" \/><figcaption>Mehr Display, noch weniger Rand<\/figcaption><\/figure>\n\n\n\n<p class=\"wp-block-paragraph\">Die von Apple vorgestellten Neuerungen am iPhone ersch\u00f6pfen sich wie seit l\u00e4ngerem in einer noch besseren Kamera (Man kann jetzt wohl nachts beim Fotografieren komplett auf Licht verzichten), einen noch schnelleren Chip und die Ger\u00e4te sind 5G f\u00e4hig. Spontan nach dem Unboxing getestet, zeigte das Ger\u00e4t bei Ausfahrt aus dem Bahnhof Wiesbaden kurz 5G an, wie sich das mit der Geschwindigkeit verh\u00e4lt, werde ich die n\u00e4chste Zeit mal austesten m\u00fcssen. wirklich eklatant Auff\u00e4lliges habe ich nicht bemerkt. Neu ist allerdings wieder das Design &#8211; oder besser: Altbekannt. Das iPhone \u00e4hnelt im Design dem iPad Pro, es hat noch weniger Rand als das Vorg\u00e4nger Modell und damit ein gr\u00f6\u00dferes Display und es ist wieder kantiger geworden. <\/p>\n\n\n\n<figure class=\"wp-block-image size-large is-style-default\"><img data-recalc-dims=\"1\" loading=\"lazy\" decoding=\"async\" width=\"1024\" height=\"576\" data-attachment-id=\"1271\" data-permalink=\"https:\/\/ralupo.me\/en\/img_6775\" data-orig-file=\"https:\/\/i0.wp.com\/ralupo.me\/wp-content\/uploads\/2020\/10\/img_6775-scaled.jpg?fit=2560%2C1440&amp;ssl=1\" data-orig-size=\"2560,1440\" data-comments-opened=\"1\" data-image-meta=\"{&quot;aperture&quot;:&quot;0&quot;,&quot;credit&quot;:&quot;&quot;,&quot;camera&quot;:&quot;&quot;,&quot;caption&quot;:&quot;&quot;,&quot;created_timestamp&quot;:&quot;0&quot;,&quot;copyright&quot;:&quot;&quot;,&quot;focal_length&quot;:&quot;0&quot;,&quot;iso&quot;:&quot;0&quot;,&quot;shutter_speed&quot;:&quot;0&quot;,&quot;title&quot;:&quot;&quot;,&quot;orientation&quot;:&quot;0&quot;}\" data-image-title=\"img_6775\" data-image-description=\"\" data-image-caption=\"\" data-medium-file=\"https:\/\/i0.wp.com\/ralupo.me\/wp-content\/uploads\/2020\/10\/img_6775-scaled.jpg?fit=300%2C169&amp;ssl=1\" data-large-file=\"https:\/\/i0.wp.com\/ralupo.me\/wp-content\/uploads\/2020\/10\/img_6775-scaled.jpg?fit=1024%2C576&amp;ssl=1\" src=\"https:\/\/i0.wp.com\/ralupo.me\/wp-content\/uploads\/2020\/10\/img_6775.jpg?resize=1024%2C576&#038;ssl=1\" alt=\"\" class=\"wp-image-1271\" srcset=\"https:\/\/i0.wp.com\/ralupo.me\/wp-content\/uploads\/2020\/10\/img_6775-scaled.jpg?resize=1024%2C576&amp;ssl=1 1024w, https:\/\/i0.wp.com\/ralupo.me\/wp-content\/uploads\/2020\/10\/img_6775-scaled.jpg?resize=600%2C338&amp;ssl=1 600w, https:\/\/i0.wp.com\/ralupo.me\/wp-content\/uploads\/2020\/10\/img_6775-scaled.jpg?resize=300%2C169&amp;ssl=1 300w, https:\/\/i0.wp.com\/ralupo.me\/wp-content\/uploads\/2020\/10\/img_6775-scaled.jpg?resize=768%2C432&amp;ssl=1 768w, https:\/\/i0.wp.com\/ralupo.me\/wp-content\/uploads\/2020\/10\/img_6775-scaled.jpg?resize=1536%2C864&amp;ssl=1 1536w, https:\/\/i0.wp.com\/ralupo.me\/wp-content\/uploads\/2020\/10\/img_6775-scaled.jpg?resize=2048%2C1152&amp;ssl=1 2048w, https:\/\/i0.wp.com\/ralupo.me\/wp-content\/uploads\/2020\/10\/img_6775-scaled.jpg?resize=1100%2C619&amp;ssl=1 1100w, https:\/\/i0.wp.com\/ralupo.me\/wp-content\/uploads\/2020\/10\/img_6775-scaled.jpg?resize=550%2C309&amp;ssl=1 550w, https:\/\/i0.wp.com\/ralupo.me\/wp-content\/uploads\/2020\/10\/img_6775-scaled.jpg?resize=160%2C90&amp;ssl=1 160w\" sizes=\"(max-width: 1000px) 100vw, 1000px\" \/><figcaption>Kantiger und glatter. Das iPhone \u00e4hnelt nunmehr wieder  dem iPad Pro<\/figcaption><\/figure>\n\n\n\n<p class=\"wp-block-paragraph\">Der Rand ist glatt und die Kanten sch\u00e4rfer, fast wie fr\u00fcher beim iPhone 4 oder iPhone5. Mir pers\u00f6nlich gef\u00e4llt das sehr gut, denn das Ger\u00e4t ist insgesamt griffiger, gef\u00fchlsm\u00e4\u00dfig aber auch ein klein wenig schwerer als das Vorg\u00e4nger, aber da mag ich mich t\u00e4uschen. iPhone 12 Pro und ich werden sicher Freunde werden, so wie mit allen anderen Vorg\u00e4ngern auch. Welchen weiteren neuen Schnick-Schnack man mit dem Ger\u00e4t noch machen kann, werde ich ausprobieren und nat\u00fcrlich gen\u00fcsslich niederschreiben.<\/p>\n\n\n\n<p class=\"wp-block-paragraph\"><\/p>\n","protected":false},"excerpt":{"rendered":"<p>Sommerferien, Herbst, neues iPhone, Weihnachten. Das \u00fcbliche Ritual der zweiten Jahresh\u00e4lfte kann auch Corona nicht verhindern. Allerdings ein ganz klein wenig verz\u00f6gern. Die Pr\u00e4sentation des diesj\u00e4hrigen iPhones hat sich von [&hellip;]<\/p>\n","protected":false},"author":1,"featured_media":1267,"comment_status":"open","ping_status":"open","sticky":false,"template":"","format":"standard","meta":{"_crdt_document":"","advanced_seo_description":"","jetpack_seo_html_title":"","jetpack_seo_noindex":false,"_EventAllDay":false,"_EventTimezone":"","_EventStartDate":"","_EventEndDate":"","_EventStartDateUTC":"","_EventEndDateUTC":"","_EventShowMap":false,"_EventShowMapLink":false,"_EventURL":"","_EventCost":"","_EventCostDescription":"","_EventCurrencySymbol":"","_EventCurrencyCode":"","_EventCurrencyPosition":"","_EventDateTimeSeparator":"","_EventTimeRangeSeparator":"","_EventOrganizerID":[],"_EventVenueID":[],"_OrganizerEmail":"","_OrganizerPhone":"","_OrganizerWebsite":"","_VenueAddress":"","_VenueCity":"","_VenueCountry":"","_VenueProvince":"","_VenueState":"","_VenueZip":"","_VenuePhone":"","_VenueURL":"","_VenueStateProvince":"","_VenueLat":"","_VenueLng":"","_VenueShowMap":false,"_VenueShowMapLink":false,"jetpack_post_was_ever_published":false,"_jetpack_newsletter_access":"","_jetpack_dont_email_post_to_subs":false,"_jetpack_newsletter_tier_id":0,"_jetpack_memberships_contains_paywalled_content":false,"_jetpack_memberships_contains_paid_content":false,"footnotes":""},"categories":[12],"tags":[441,442,443,424],"class_list":["post-1268","post","type-post","status-publish","format-standard","has-post-thumbnail","hentry","category-teilnehmende-beobachtung","tag-apple","tag-iphone","tag-netz","tag-technik"],"jetpack_featured_media_url":"https:\/\/i0.wp.com\/ralupo.me\/wp-content\/uploads\/2020\/10\/img_6770-scaled.jpg?fit=2560%2C1440&ssl=1","jetpack_sharing_enabled":true,"jetpack-related-posts":[{"id":1475,"url":"https:\/\/ralupo.me\/en\/archive\/1475","url_meta":{"origin":1268,"position":0},"title":"Find me: Die neuen Apple Airtags","author":"Lupo","date":"30. April 2021","format":false,"excerpt":"Die Apple Airtags sind endlich da.","rel":"","context":"In &quot;Teilnehmende Beobachtung&quot;","block_context":{"text":"Teilnehmende Beobachtung","link":"https:\/\/ralupo.me\/en\/archive\/category\/teilnehmende-beobachtung"},"img":{"alt_text":"","src":"https:\/\/i0.wp.com\/ralupo.me\/wp-content\/uploads\/2021\/04\/img_9747-scaled.jpg?fit=1200%2C675&ssl=1&resize=350%2C200","width":350,"height":200,"srcset":"https:\/\/i0.wp.com\/ralupo.me\/wp-content\/uploads\/2021\/04\/img_9747-scaled.jpg?fit=1200%2C675&ssl=1&resize=350%2C200 1x, https:\/\/i0.wp.com\/ralupo.me\/wp-content\/uploads\/2021\/04\/img_9747-scaled.jpg?fit=1200%2C675&ssl=1&resize=525%2C300 1.5x, https:\/\/i0.wp.com\/ralupo.me\/wp-content\/uploads\/2021\/04\/img_9747-scaled.jpg?fit=1200%2C675&ssl=1&resize=700%2C400 2x, https:\/\/i0.wp.com\/ralupo.me\/wp-content\/uploads\/2021\/04\/img_9747-scaled.jpg?fit=1200%2C675&ssl=1&resize=1050%2C600 3x"},"classes":[]},{"id":985,"url":"https:\/\/ralupo.me\/en\/archive\/985","url_meta":{"origin":1268,"position":1},"title":"Anker Power Port Slim III","author":"Lupo","date":"31. August 2020","format":false,"excerpt":"[:de] Weil ich dienstlich und privat viel unterwegs bin, habe ich mir \u00fcber die Jahre angew\u00f6hnt, beim Koffer packen so wenig wie m\u00f6glich mitzunehmen und quasi nur mit \u201eSturmgep\u00e4ck\u201c zu reisen. Ich gebe ungern am Flughafen Gep\u00e4ck auf. Leider ist der Umfang an elektronischem Equipment \u00fcber die Jahre immer mehr\u2026","rel":"","context":"In &quot;Travel&quot;","block_context":{"text":"Travel","link":"https:\/\/ralupo.me\/en\/archive\/category\/travel"},"img":{"alt_text":"","src":"https:\/\/i0.wp.com\/ralupo.me\/wp-content\/uploads\/2020\/08\/img_6236.jpg?fit=1200%2C675&ssl=1&resize=350%2C200","width":350,"height":200,"srcset":"https:\/\/i0.wp.com\/ralupo.me\/wp-content\/uploads\/2020\/08\/img_6236.jpg?fit=1200%2C675&ssl=1&resize=350%2C200 1x, https:\/\/i0.wp.com\/ralupo.me\/wp-content\/uploads\/2020\/08\/img_6236.jpg?fit=1200%2C675&ssl=1&resize=525%2C300 1.5x, https:\/\/i0.wp.com\/ralupo.me\/wp-content\/uploads\/2020\/08\/img_6236.jpg?fit=1200%2C675&ssl=1&resize=700%2C400 2x, https:\/\/i0.wp.com\/ralupo.me\/wp-content\/uploads\/2020\/08\/img_6236.jpg?fit=1200%2C675&ssl=1&resize=1050%2C600 3x"},"classes":[]},{"id":13129,"url":"https:\/\/ralupo.me\/en\/archive\/13129","url_meta":{"origin":1268,"position":2},"title":"&#8220;Barwinka&#8221; geht auch 2024 wieder auf Tour","author":"Lupo","date":"8. January 2024","format":false,"excerpt":"[:de] \"Barwinka\", der kleine ukrainische Krankenwagen aus Derhatschi, geht auch 2024 wieder auf Tour. Bereits im vergangenen Jahr war der von russischen Truppen beschossene Krankenwagen in fast 30 St\u00e4dten in Deutschland und in Br\u00fcssel zu sehen. Ank\u00fcndigung: Barwinka kommt wieder nach M\u00fcnchen, 12.-18. Februar 24 F\u00fcr die 2024 aufgelegte Tour\u2026","rel":"","context":"In &quot;Ukraine&quot;","block_context":{"text":"Ukraine","link":"https:\/\/ralupo.me\/en\/archive\/category\/ukraine"},"img":{"alt_text":"","src":"https:\/\/i0.wp.com\/ralupo.me\/wp-content\/uploads\/2023\/07\/d8ef5078-b0a9-47d9-98a4-14059b0f9b58.jpeg?fit=1200%2C900&ssl=1&resize=350%2C200","width":350,"height":200,"srcset":"https:\/\/i0.wp.com\/ralupo.me\/wp-content\/uploads\/2023\/07\/d8ef5078-b0a9-47d9-98a4-14059b0f9b58.jpeg?fit=1200%2C900&ssl=1&resize=350%2C200 1x, https:\/\/i0.wp.com\/ralupo.me\/wp-content\/uploads\/2023\/07\/d8ef5078-b0a9-47d9-98a4-14059b0f9b58.jpeg?fit=1200%2C900&ssl=1&resize=525%2C300 1.5x, https:\/\/i0.wp.com\/ralupo.me\/wp-content\/uploads\/2023\/07\/d8ef5078-b0a9-47d9-98a4-14059b0f9b58.jpeg?fit=1200%2C900&ssl=1&resize=700%2C400 2x, https:\/\/i0.wp.com\/ralupo.me\/wp-content\/uploads\/2023\/07\/d8ef5078-b0a9-47d9-98a4-14059b0f9b58.jpeg?fit=1200%2C900&ssl=1&resize=1050%2C600 3x"},"classes":[]},{"id":14039,"url":"https:\/\/ralupo.me\/en\/archive\/14039","url_meta":{"origin":1268,"position":3},"title":"Aufgelesen: Lupos Lesewoche #12","author":"Lupo","date":"9. June 2024","format":false,"excerpt":"[:de] Heute ist Europa-Wahl. Auch wenn die unterirdischen Kampagnen der demokratischen Parteien in Deutschland es kaum vermuten lassen: Es ist eine wichtige Wahl. https:\/\/twitter.com\/soldier_fella\/status\/1799430681145008296?s=46&t=GKIvhh9r6UWBvQbV97UQ_g In Georgien k\u00e4mpfen gerade Menschen unter Einsatz ihrer Gesundheit f\u00fcr ihren Traum, zu diesem Europa dazugeh\u00f6ren zu k\u00f6nnen. Umso befremdlicher ist es f\u00fcr sie zu lesen,\u2026","rel":"","context":"In &quot;Europa&quot;","block_context":{"text":"Europa","link":"https:\/\/ralupo.me\/en\/archive\/category\/europa"},"img":{"alt_text":"","src":"https:\/\/i0.wp.com\/ralupo.me\/wp-content\/uploads\/2024\/06\/930C2530-02E5-4CD2-9DBD-F12C64A3BACD.jpeg?fit=1177%2C1200&ssl=1&resize=350%2C200","width":350,"height":200,"srcset":"https:\/\/i0.wp.com\/ralupo.me\/wp-content\/uploads\/2024\/06\/930C2530-02E5-4CD2-9DBD-F12C64A3BACD.jpeg?fit=1177%2C1200&ssl=1&resize=350%2C200 1x, https:\/\/i0.wp.com\/ralupo.me\/wp-content\/uploads\/2024\/06\/930C2530-02E5-4CD2-9DBD-F12C64A3BACD.jpeg?fit=1177%2C1200&ssl=1&resize=525%2C300 1.5x, https:\/\/i0.wp.com\/ralupo.me\/wp-content\/uploads\/2024\/06\/930C2530-02E5-4CD2-9DBD-F12C64A3BACD.jpeg?fit=1177%2C1200&ssl=1&resize=700%2C400 2x, https:\/\/i0.wp.com\/ralupo.me\/wp-content\/uploads\/2024\/06\/930C2530-02E5-4CD2-9DBD-F12C64A3BACD.jpeg?fit=1177%2C1200&ssl=1&resize=1050%2C600 3x"},"classes":[]},{"id":13387,"url":"https:\/\/ralupo.me\/en\/archive\/13387","url_meta":{"origin":1268,"position":4},"title":"Ein furchtbares Buch","author":"Lupo","date":"24. January 2024","format":false,"excerpt":"[:de] Stanislaw Assejew hat ein furchtbares Buch geschrieben. Furchtbar, weil er so detailliert aufgeschrieben hat, was ihm in der \u201eIsoljazija\u201c, einem Geheimgef\u00e4ngnis im russisch besetzten Donzek widerfahren ist. Einem Ort, aus dem die Russen das \u201eDachau des Donbas\u201c gemacht haben: Brutale Folter, Erniedrigung und Entmenschlichung in einem russischen Foltergef\u00e4ngnis, mitten\u2026","rel":"","context":"In &quot;Literatur&quot;","block_context":{"text":"Literatur","link":"https:\/\/ralupo.me\/en\/archive\/category\/literatur"},"img":{"alt_text":"","src":"https:\/\/i0.wp.com\/ralupo.me\/wp-content\/uploads\/2024\/01\/IMG_6156.jpg?fit=1200%2C900&ssl=1&resize=350%2C200","width":350,"height":200,"srcset":"https:\/\/i0.wp.com\/ralupo.me\/wp-content\/uploads\/2024\/01\/IMG_6156.jpg?fit=1200%2C900&ssl=1&resize=350%2C200 1x, https:\/\/i0.wp.com\/ralupo.me\/wp-content\/uploads\/2024\/01\/IMG_6156.jpg?fit=1200%2C900&ssl=1&resize=525%2C300 1.5x, https:\/\/i0.wp.com\/ralupo.me\/wp-content\/uploads\/2024\/01\/IMG_6156.jpg?fit=1200%2C900&ssl=1&resize=700%2C400 2x, https:\/\/i0.wp.com\/ralupo.me\/wp-content\/uploads\/2024\/01\/IMG_6156.jpg?fit=1200%2C900&ssl=1&resize=1050%2C600 3x"},"classes":[]},{"id":10024,"url":"https:\/\/ralupo.me\/en\/archive\/10024","url_meta":{"origin":1268,"position":5},"title":"Lupo goes Lviv: Die Reise","author":"Lupo","date":"7. June 2023","format":false,"excerpt":"[:de]Nach eineinhalb Jahren Pause geht es wieder in die Ukraine. Die Reisevorbereitungen sind abgeschlossen. Dazu sp\u00e4ter mehr. Waren bislang Kyiv in der Zentralukraine und Odessa im S\u00fcden auf meinem Plan, geht es jetzt zum ersten Mal in den Westen: Nach Lviv (Lemberg).[:]","rel":"","context":"In &quot;Travel&quot;","block_context":{"text":"Travel","link":"https:\/\/ralupo.me\/en\/archive\/category\/travel"},"img":{"alt_text":"","src":"https:\/\/i0.wp.com\/ralupo.me\/wp-content\/uploads\/2023\/06\/IMG_9212-scaled.jpeg?fit=1200%2C900&ssl=1&resize=350%2C200","width":350,"height":200,"srcset":"https:\/\/i0.wp.com\/ralupo.me\/wp-content\/uploads\/2023\/06\/IMG_9212-scaled.jpeg?fit=1200%2C900&ssl=1&resize=350%2C200 1x, https:\/\/i0.wp.com\/ralupo.me\/wp-content\/uploads\/2023\/06\/IMG_9212-scaled.jpeg?fit=1200%2C900&ssl=1&resize=525%2C300 1.5x, https:\/\/i0.wp.com\/ralupo.me\/wp-content\/uploads\/2023\/06\/IMG_9212-scaled.jpeg?fit=1200%2C900&ssl=1&resize=700%2C400 2x, https:\/\/i0.wp.com\/ralupo.me\/wp-content\/uploads\/2023\/06\/IMG_9212-scaled.jpeg?fit=1200%2C900&ssl=1&resize=1050%2C600 3x"},"classes":[]}],"jetpack_shortlink":"https:\/\/wp.me\/pcanHs-ks","_links":{"self":[{"href":"https:\/\/ralupo.me\/en\/wp-json\/wp\/v2\/posts\/1268","targetHints":{"allow":["GET"]}}],"collection":[{"href":"https:\/\/ralupo.me\/en\/wp-json\/wp\/v2\/posts"}],"about":[{"href":"https:\/\/ralupo.me\/en\/wp-json\/wp\/v2\/types\/post"}],"author":[{"embeddable":true,"href":"https:\/\/ralupo.me\/en\/wp-json\/wp\/v2\/users\/1"}],"replies":[{"embeddable":true,"href":"https:\/\/ralupo.me\/en\/wp-json\/wp\/v2\/comments?post=1268"}],"version-history":[{"count":0,"href":"https:\/\/ralupo.me\/en\/wp-json\/wp\/v2\/posts\/1268\/revisions"}],"wp:featuredmedia":[{"embeddable":true,"href":"https:\/\/ralupo.me\/en\/wp-json\/wp\/v2\/media\/1267"}],"wp:attachment":[{"href":"https:\/\/ralupo.me\/en\/wp-json\/wp\/v2\/media?parent=1268"}],"wp:term":[{"taxonomy":"category","embeddable":true,"href":"https:\/\/ralupo.me\/en\/wp-json\/wp\/v2\/categories?post=1268"},{"taxonomy":"post_tag","embeddable":true,"href":"https:\/\/ralupo.me\/en\/wp-json\/wp\/v2\/tags?post=1268"}],"curies":[{"name":"wp","href":"https:\/\/api.w.org\/{rel}","templated":true}]}}