{"id":10203,"date":"2023-07-03T13:42:55","date_gmt":"2023-07-03T11:42:55","guid":{"rendered":"https:\/\/ralupo.me\/?p=10203"},"modified":"2023-07-03T13:57:49","modified_gmt":"2023-07-03T11:57:49","slug":"ukrain","status":"publish","type":"post","link":"https:\/\/ralupo.me\/en\/archive\/10203","title":{"rendered":"Ukrainische Schriftstellerin Victoria Amelina stirbt nach russischem Raketenangriff auf Kramatorsk"},"content":{"rendered":"<span class=\"span-reading-time rt-reading-time\" style=\"display: block;\"><span class=\"rt-label rt-prefix\">Lesedauer<\/span> <span class=\"rt-time\"> 2<\/span> <span class=\"rt-label rt-postfix\">Minuten<\/span><\/span>\n<p class=\"wp-block-paragraph\">Die ukrainische Schriftstellerin Victoria Amelina ist tot. Nach Mitteilung des ukrainischen Schriftstellerverbandes PEN erlag sie bereits am 01. Juli 2023 ihren schweren Verletzungen, die sie nach dem russischen Raketenangriff auf eine Pizzeria in Kramatorsk in der vergangenen Woche erlitten hat.  Bei dem Raketenangriff auf das Restaurant &#8211; genau ein Jahr nach dem Raketenangriff auf einen Supermarkt &#8211; sind bislang 13 Menschen gestorben, \u00fcber 60 sind zum Teil schwer verletzt worden. Kramatorsk mit seinen 150.000 Einwohnern liegt in der Oblast Donezk und steht unter ukrainischer Kontrolle. Es liegt etwa 30 Kilometer von der Frontlinie entfernt. <\/p>\n\n\n\n<p class=\"wp-block-paragraph\">Bei dem Angriff war  Amelina zusammen mit dem kolumbianischen Schriftsteller H\u00e9ctor Abad Faciolince, der Journalistin Catalina G\u00f3mez \u00c1ngel und dem Politiker Sergio Jaramillo unterwegs, diese erlitten leichte Verletzungen.<\/p>\n\n\n<div class=\"vlp-link-container vlp-template-default wp-block-visual-link-preview-link\">\n\t<a href=\"https:\/\/pen.org.ua\/en\/ne-stalo-viktoriyi-amelinoyi-ukrayinskoyi-pysmennyci-ta-nashoyi-dorohoyi-kolehy\" class=\"vlp-link\" title=\"Victoria Amelina, a Ukrainian writer, and our dearest colleague, passed away\" rel=\"nofollow\" target=\"_blank\"><\/a>\t\t<div class=\"vlp-link-image-container\">\n\t\t<div class=\"vlp-link-image\">\n\t\t\t<img data-recalc-dims=\"1\" decoding=\"async\" src=\"https:\/\/i0.wp.com\/pen.org.ua\/upload\/content\/uk\/tn_img-2053-ne-stalo-viktoriyi-amelinoyi-ukrayinskoyi-pysmennyci-ta-nashoyi-dorohoyi-kolehy-1.jpg?ssl=1\" style=\"max-width: 150px; max-height: 150px\" \/>\t\t<\/div>\n\t<\/div>\n\t\t<div class=\"vlp-link-text-container\">\n\t\t\t\t<div class=\"vlp-link-title\">\n\t\t\tVictoria Amelina, a Ukrainian writer, and our dearest colleague, passed away\t\t<\/div>\n\t\t\t\t\t\t<div class=\"vlp-link-summary\">\n\t\t\tWith our greatest pain, we inform you that Ukrainian writer Victoria Amelina passed away on July 1st in Mechnikov Hospital in Dnipro. Her death was caused by injuries incompatible with life, which she\u2026\t\t<\/div>\n\t\t\t<\/div>\n<\/div>\n\n\n\n<p class=\"wp-block-paragraph\">Victoria Amelina wurde am 01.12.1986 in Lviv geboren. Sie galt als als eine der bekanntesten jungen Schriftstellerinnen der Ukraine. Sie hatte sich seit Beginn des Gro\u00dfangriffs Russlands auf die Ukraine f\u00fcr die Dokumentation russischer Kriegsverbrechen engagiert. Sie entdeckte das Kriegstagebuch des ukrainischen Schriftstellers&nbsp;und Kinderbuchautors Wolodymyr Wakulenko, der am 24. M\u00e4rz 2022 von russischen Streitkr\u00e4ften entf\u00fchrt und ermordet wurde. Eine erste Pr\u00e4sentation des Tagebuchs hatte sie noch am 23. Juni 2023 bei der Buchmesse in Kyiv gehalten. <\/p>\n\n\n\n<p class=\"wp-block-paragraph\">Ihr erster Roman&nbsp;\u201e<em>Das November-Syndrom oder Homo Compatiens<\/em>\u201c wurde 2014 ver\u00f6ffentlicht und handelt von den gesellschaftlichen Umbr\u00fcchen, die der Protagonist auf dem Tahirplatz und Euromaidan in Kyiv durchlebt. Ihr zweiter Roman <em>Ein Haus f\u00fcr Dom<\/em> befasst sich mit der Stadtgeschichte von Lviv (Lemberg) und die Bew\u00e4ltigung von 70 Jahren Sowjetzeit. Ihr erstes Sachbuch in englischer Sprache, &#8220;War and Justice Diary: Looking at Women Looking at War&#8221; soll demn\u00e4chst ver\u00f6ffentlicht werden.<\/p>\n\n\n\n<p class=\"wp-block-paragraph\">Wie das B\u00f6rsenblatt des Deutschen Buchhandels berichtet, hatte sie sich noch vor kurzen in einer Rede im norwegischen Lillehammer vorgestellt <\/p>\n\n\n\n<figure class=\"wp-block-pullquote\"><blockquote><p>&#8220;Ich bin eine ukrainische Schriftstellerin und spreche hier im Namen meines Kollegen Wolodymyr Wakulenko, der, anders als ich, nicht den erneuten Versuch des russischen Imperiums, die ukrainische Identit\u00e4t auszul\u00f6schen, \u00fcberlebt hat.&#8221;<\/p><cite>Victoria Amelina in Lillehammer<\/cite><\/blockquote><\/figure>\n\n\n\n<p class=\"wp-block-paragraph\">Jetzt ist auch sie dem russischen Vernichtungsfeldzug gegen die Ukraine und die ukrainische Kultur zum Opfer gefallen. Sie wurde nur 37 Jahre alt.<\/p>\n\n\n\n<figure class=\"wp-block-embed is-type-rich is-provider-twitter wp-block-embed-twitter\"><div class=\"wp-block-embed__wrapper\">\n<blockquote class=\"twitter-tweet\" data-width=\"500\" data-dnt=\"true\"><p lang=\"de\" dir=\"ltr\">Ein Gedicht v. Viktoria Amelina in \u00dc von Claudia Dathe. In einem Essay vom 31.3.22 schrieb sie: &quot;Statt \u00fcber den Umgang mit der russischen Kultur zu debattieren, sollten westliche Intellektuelle dar\u00fcber sprechen, wie die n\u00e4chste &#39;Hingerichtete Renaissance&#39; verhindert werden kann.&quot; <a href=\"https:\/\/t.co\/Qyoz84RuwR\">pic.twitter.com\/Qyoz84RuwR<\/a><\/p>&mdash; Annette Werberger (@AWerberger) <a href=\"https:\/\/twitter.com\/AWerberger\/status\/1675771566880088066?ref_src=twsrc%5Etfw\">July 3, 2023<\/a><\/blockquote><script async src=\"https:\/\/platform.twitter.com\/widgets.js\" charset=\"utf-8\"><\/script>\n<\/div><\/figure>\n\n\n\n<p class=\"wp-block-paragraph\"><a href=\"https:\/\/www.nzz.ch\/feuilleton\/gezielter-raketenangriff-auf-intellektuellen-lokal-in-kramatorsk-ld.1745190\" data-type=\"URL\" data-id=\"https:\/\/www.nzz.ch\/feuilleton\/gezielter-raketenangriff-auf-intellektuellen-lokal-in-kramatorsk-ld.1745190\">Einen w\u00fcrdigen Nachruf hat sie zwischenzeitlich im Feuilleton der Neuen Z\u00fcrcher Zeitung von Annette Werberger erhalten.<\/a><\/p>\n","protected":false},"excerpt":{"rendered":"<p>Die ukrainische Schriftstellerin Victoria Amelina ist tot. Nach Mitteilung des ukrainischen Schriftstellerverbandes PEN erlag sie bereits am 01. Juli 2023 ihren schweren Verletzungen, die sie nach dem russischen Raketenangriff auf eine Pizzeria in Kramatorsk in der vergangenen Woche erlitten hat.<\/p>\n","protected":false},"author":1,"featured_media":10204,"comment_status":"open","ping_status":"open","sticky":false,"template":"","format":"standard","meta":{"_crdt_document":"","advanced_seo_description":"","jetpack_seo_html_title":"","jetpack_seo_noindex":false,"_EventAllDay":false,"_EventTimezone":"","_EventStartDate":"","_EventEndDate":"","_EventStartDateUTC":"","_EventEndDateUTC":"","_EventShowMap":false,"_EventShowMapLink":false,"_EventURL":"","_EventCost":"","_EventCostDescription":"","_EventCurrencySymbol":"","_EventCurrencyCode":"","_EventCurrencyPosition":"","_EventDateTimeSeparator":"","_EventTimeRangeSeparator":"","_EventOrganizerID":[],"_EventVenueID":[],"_OrganizerEmail":"","_OrganizerPhone":"","_OrganizerWebsite":"","_VenueAddress":"","_VenueCity":"","_VenueCountry":"","_VenueProvince":"","_VenueState":"","_VenueZip":"","_VenuePhone":"","_VenueURL":"","_VenueStateProvince":"","_VenueLat":"","_VenueLng":"","_VenueShowMap":false,"_VenueShowMapLink":false,"jetpack_post_was_ever_published":false,"_jetpack_newsletter_access":"","_jetpack_dont_email_post_to_subs":false,"_jetpack_newsletter_tier_id":0,"_jetpack_memberships_contains_paywalled_content":false,"_jetpack_memberships_contains_paid_content":false,"footnotes":""},"categories":[692,368],"tags":[790,309,25],"class_list":["post-10203","post","type-post","status-publish","format-standard","has-post-thumbnail","hentry","category-ukraine","category-aufgelesen","tag-kramatorsk","tag-kultur","tag-ukraine"],"jetpack_featured_media_url":"https:\/\/i0.wp.com\/ralupo.me\/wp-content\/uploads\/2023\/07\/IMG_0142.jpg?fit=854%2C1280&ssl=1","jetpack_sharing_enabled":true,"jetpack-related-posts":[{"id":9070,"url":"https:\/\/ralupo.me\/en\/archive\/9070","url_meta":{"origin":10203,"position":0},"title":"Bundesweite Proteste gegen russischen Raketenangriff  auf ukrainische St\u00e4dte","author":"Lupo","date":"11. October 2022","format":false,"excerpt":"[:de] Nach den russischen Raketenangriffen auf ukrainische Gro\u00dfst\u00e4dte am fr\u00fchen Montag morgen kam es am Abend in vielen deutschen St\u00e4dten zu spontanen Protest- und Solidarit\u00e4tskundgebungen f\u00fcr die Ukraine. In Hamburg, M\u00fcnchen, Berlin, K\u00f6ln, D\u00fcsseldorf, Stuttgart, Frankfurt und M\u00fcnchen versammelten sich Hunderte, um gegen die Angriffe auf die Zivilbev\u00f6lkerung zu protestieren.\u2026","rel":"","context":"In &quot;Teilnehmende Beobachtung&quot;","block_context":{"text":"Teilnehmende Beobachtung","link":"https:\/\/ralupo.me\/en\/archive\/category\/teilnehmende-beobachtung"},"img":{"alt_text":"","src":"https:\/\/i0.wp.com\/ralupo.me\/wp-content\/uploads\/2022\/10\/021DA3C0-DAA3-4027-B411-713FCBA9C4CA-scaled.jpeg?fit=1200%2C900&ssl=1&resize=350%2C200","width":350,"height":200,"srcset":"https:\/\/i0.wp.com\/ralupo.me\/wp-content\/uploads\/2022\/10\/021DA3C0-DAA3-4027-B411-713FCBA9C4CA-scaled.jpeg?fit=1200%2C900&ssl=1&resize=350%2C200 1x, https:\/\/i0.wp.com\/ralupo.me\/wp-content\/uploads\/2022\/10\/021DA3C0-DAA3-4027-B411-713FCBA9C4CA-scaled.jpeg?fit=1200%2C900&ssl=1&resize=525%2C300 1.5x, https:\/\/i0.wp.com\/ralupo.me\/wp-content\/uploads\/2022\/10\/021DA3C0-DAA3-4027-B411-713FCBA9C4CA-scaled.jpeg?fit=1200%2C900&ssl=1&resize=700%2C400 2x, https:\/\/i0.wp.com\/ralupo.me\/wp-content\/uploads\/2022\/10\/021DA3C0-DAA3-4027-B411-713FCBA9C4CA-scaled.jpeg?fit=1200%2C900&ssl=1&resize=1050%2C600 3x"},"classes":[]},{"id":13098,"url":"https:\/\/ralupo.me\/en\/archive\/13098","url_meta":{"origin":10203,"position":1},"title":"&#8220;Keine Zeit mehr verlieren&#8221;","author":"Lupo","date":"7. January 2024","format":false,"excerpt":"[:de] Unter dem Eindruck der verheerenden russischen Raketenangriffe auf ukrainische St\u00e4dte \u00fcber den Jahreswechsel hat die ukrainische Vereinigung \"Vitsche\" in Berlin zu ihrer ersten Solidarit\u00e4tskundgebung im neuen Jahr vor dem Kanzleramt aufgerufen. Zeitgleich fanden in ganz Europa Kundgebungen statt, darunter zeitgleich auch in K\u00f6ln. In Berlin kamen mehr als 1.000\u2026","rel":"","context":"In &quot;Europa&quot;","block_context":{"text":"Europa","link":"https:\/\/ralupo.me\/en\/archive\/category\/europa"},"img":{"alt_text":"","src":"https:\/\/i0.wp.com\/ralupo.me\/wp-content\/uploads\/2024\/01\/IMG_7863_jpg-scaled.jpeg?fit=1200%2C900&ssl=1&resize=350%2C200","width":350,"height":200,"srcset":"https:\/\/i0.wp.com\/ralupo.me\/wp-content\/uploads\/2024\/01\/IMG_7863_jpg-scaled.jpeg?fit=1200%2C900&ssl=1&resize=350%2C200 1x, https:\/\/i0.wp.com\/ralupo.me\/wp-content\/uploads\/2024\/01\/IMG_7863_jpg-scaled.jpeg?fit=1200%2C900&ssl=1&resize=525%2C300 1.5x, https:\/\/i0.wp.com\/ralupo.me\/wp-content\/uploads\/2024\/01\/IMG_7863_jpg-scaled.jpeg?fit=1200%2C900&ssl=1&resize=700%2C400 2x, https:\/\/i0.wp.com\/ralupo.me\/wp-content\/uploads\/2024\/01\/IMG_7863_jpg-scaled.jpeg?fit=1200%2C900&ssl=1&resize=1050%2C600 3x"},"classes":[]},{"id":9516,"url":"https:\/\/ralupo.me\/en\/archive\/9516","url_meta":{"origin":10203,"position":2},"title":"Berlin: \u201eFree the Leopards\u201c","author":"Lupo","date":"22. January 2023","format":false,"excerpt":"[:de]Die Erwartungen an die achte Rammstein-Konferenz waren immens, der Druck auf die deutsche Regierung immens. Das Ergebnis ist eine gro\u00dfe Entt\u00e4uschung: Einstweilen keine Leopard-Panzer f\u00fcr die Ukraine in ihrem Verteidigungskrieg gegen den russischen Gro\u00dfangriff. Deutschland, so der neue Verteidigungsminister Boris Pistorius (SPD), will erst einmal kl\u00e4ren, wie viele Leopard-Panzer es\u2026","rel":"","context":"In &quot;Europa&quot;","block_context":{"text":"Europa","link":"https:\/\/ralupo.me\/en\/archive\/category\/europa"},"img":{"alt_text":"","src":"https:\/\/i0.wp.com\/ralupo.me\/wp-content\/uploads\/2023\/01\/6856FA42-6078-48A6-A388-714FA98D4F72-scaled.jpeg?fit=1200%2C900&ssl=1&resize=350%2C200","width":350,"height":200,"srcset":"https:\/\/i0.wp.com\/ralupo.me\/wp-content\/uploads\/2023\/01\/6856FA42-6078-48A6-A388-714FA98D4F72-scaled.jpeg?fit=1200%2C900&ssl=1&resize=350%2C200 1x, https:\/\/i0.wp.com\/ralupo.me\/wp-content\/uploads\/2023\/01\/6856FA42-6078-48A6-A388-714FA98D4F72-scaled.jpeg?fit=1200%2C900&ssl=1&resize=525%2C300 1.5x, https:\/\/i0.wp.com\/ralupo.me\/wp-content\/uploads\/2023\/01\/6856FA42-6078-48A6-A388-714FA98D4F72-scaled.jpeg?fit=1200%2C900&ssl=1&resize=700%2C400 2x, https:\/\/i0.wp.com\/ralupo.me\/wp-content\/uploads\/2023\/01\/6856FA42-6078-48A6-A388-714FA98D4F72-scaled.jpeg?fit=1200%2C900&ssl=1&resize=1050%2C600 3x"},"classes":[]},{"id":15145,"url":"https:\/\/ralupo.me\/en\/archive\/15145","url_meta":{"origin":10203,"position":3},"title":"\u201eNein, wir sind nicht neutral\u201c \u2013 Solidarit\u00e4tsabend f\u00fcr die Ukraine beim Internationalen Literaturfestival Berlin","author":"Lupo","date":"21. September 2025","format":false,"excerpt":"[:de] Im Rahmen des 25. Internationalen Literaturfestivals luden PEN Berlin, PEN Ukraine und das Ukrainische Institut zu einem Solidarit\u00e4tsabend in das Haus der Berliner Festspiele. Gewidmet war die Veranstaltung der ukrainischen Schriftstellerin Wiktorija Amelina, die 2023 bei einem russischen Raketenangriff auf eine Pizzeria in Dnipro get\u00f6tet wurde. Ihre Texte wurden\u2026","rel":"","context":"In &quot;Ukraine&quot;","block_context":{"text":"Ukraine","link":"https:\/\/ralupo.me\/en\/archive\/category\/ukraine"},"img":{"alt_text":"","src":"https:\/\/i0.wp.com\/ralupo.me\/wp-content\/uploads\/2025\/09\/DO01011563_20250919-222854-scaled.jpeg?fit=1200%2C900&ssl=1&resize=350%2C200","width":350,"height":200,"srcset":"https:\/\/i0.wp.com\/ralupo.me\/wp-content\/uploads\/2025\/09\/DO01011563_20250919-222854-scaled.jpeg?fit=1200%2C900&ssl=1&resize=350%2C200 1x, https:\/\/i0.wp.com\/ralupo.me\/wp-content\/uploads\/2025\/09\/DO01011563_20250919-222854-scaled.jpeg?fit=1200%2C900&ssl=1&resize=525%2C300 1.5x, https:\/\/i0.wp.com\/ralupo.me\/wp-content\/uploads\/2025\/09\/DO01011563_20250919-222854-scaled.jpeg?fit=1200%2C900&ssl=1&resize=700%2C400 2x, https:\/\/i0.wp.com\/ralupo.me\/wp-content\/uploads\/2025\/09\/DO01011563_20250919-222854-scaled.jpeg?fit=1200%2C900&ssl=1&resize=1050%2C600 3x"},"classes":[]},{"id":13343,"url":"https:\/\/ralupo.me\/en\/archive\/13343","url_meta":{"origin":10203,"position":4},"title":"Wir m\u00fcssen den Satz &#8220;as long as it takes&#8221; \u00e4ndern in &#8220;what ever it takes&#8221;","author":"Lupo","date":"20. January 2024","format":false,"excerpt":"[:de] Mehrere hundert Menschen haben am Samstag Mittag in Frankfurt bei frostigen Temperaturen vor der Alten Oper gegen den russischen Raketenterror gegen die Ukraine demonstriert. Aufgerufen hatten ukrainische Aktivisten aus Frankfurt aus Anlass der russischen Raketenangriffe \u00fcber Weihnachten und Neujahr. Neben dem ukrainischen Generalkonsul Vadym Kostiuk sprachen auch der Generalkonsul\u2026","rel":"","context":"In &quot;Politik&quot;","block_context":{"text":"Politik","link":"https:\/\/ralupo.me\/en\/archive\/category\/politik"},"img":{"alt_text":"","src":"https:\/\/i0.wp.com\/ralupo.me\/wp-content\/uploads\/2024\/01\/IMG_8482-scaled.jpeg?fit=1200%2C900&ssl=1&resize=350%2C200","width":350,"height":200,"srcset":"https:\/\/i0.wp.com\/ralupo.me\/wp-content\/uploads\/2024\/01\/IMG_8482-scaled.jpeg?fit=1200%2C900&ssl=1&resize=350%2C200 1x, https:\/\/i0.wp.com\/ralupo.me\/wp-content\/uploads\/2024\/01\/IMG_8482-scaled.jpeg?fit=1200%2C900&ssl=1&resize=525%2C300 1.5x, https:\/\/i0.wp.com\/ralupo.me\/wp-content\/uploads\/2024\/01\/IMG_8482-scaled.jpeg?fit=1200%2C900&ssl=1&resize=700%2C400 2x, https:\/\/i0.wp.com\/ralupo.me\/wp-content\/uploads\/2024\/01\/IMG_8482-scaled.jpeg?fit=1200%2C900&ssl=1&resize=1050%2C600 3x"},"classes":[]},{"id":5595,"url":"https:\/\/ralupo.me\/en\/archive\/5595","url_meta":{"origin":10203,"position":5},"title":"Friedenspreis des deutschen Buchhandels f\u00fcr Serhij Zhadan","author":"Lupo","date":"27. June 2022","format":false,"excerpt":"[:de] Nach all den schlimmen Nachrichten die uns heute aus der Ukraine erreichen, zuletzt der Raketenangriff auf das Einkaufszentrum in Kremenchuk, freut es mich ein bisschen zu lesen, dass Serhij Zhadan in diesem Jahr den Friedenspreis des deutschen Buchhandels verliehen bekommt. Die Jury ehrt damit den ukrainischen Schriftsteller und Musiker\u2026","rel":"","context":"In &quot;Literatur&quot;","block_context":{"text":"Literatur","link":"https:\/\/ralupo.me\/en\/archive\/category\/literatur"},"img":{"alt_text":"","src":"https:\/\/i0.wp.com\/ralupo.me\/wp-content\/uploads\/2022\/06\/2560px-Serhij_Zhadan_2018.jpg?fit=1200%2C675&ssl=1&resize=350%2C200","width":350,"height":200,"srcset":"https:\/\/i0.wp.com\/ralupo.me\/wp-content\/uploads\/2022\/06\/2560px-Serhij_Zhadan_2018.jpg?fit=1200%2C675&ssl=1&resize=350%2C200 1x, https:\/\/i0.wp.com\/ralupo.me\/wp-content\/uploads\/2022\/06\/2560px-Serhij_Zhadan_2018.jpg?fit=1200%2C675&ssl=1&resize=525%2C300 1.5x, https:\/\/i0.wp.com\/ralupo.me\/wp-content\/uploads\/2022\/06\/2560px-Serhij_Zhadan_2018.jpg?fit=1200%2C675&ssl=1&resize=700%2C400 2x, https:\/\/i0.wp.com\/ralupo.me\/wp-content\/uploads\/2022\/06\/2560px-Serhij_Zhadan_2018.jpg?fit=1200%2C675&ssl=1&resize=1050%2C600 3x"},"classes":[]}],"jetpack_shortlink":"https:\/\/wp.me\/scanHs-ukrain","_links":{"self":[{"href":"https:\/\/ralupo.me\/en\/wp-json\/wp\/v2\/posts\/10203","targetHints":{"allow":["GET"]}}],"collection":[{"href":"https:\/\/ralupo.me\/en\/wp-json\/wp\/v2\/posts"}],"about":[{"href":"https:\/\/ralupo.me\/en\/wp-json\/wp\/v2\/types\/post"}],"author":[{"embeddable":true,"href":"https:\/\/ralupo.me\/en\/wp-json\/wp\/v2\/users\/1"}],"replies":[{"embeddable":true,"href":"https:\/\/ralupo.me\/en\/wp-json\/wp\/v2\/comments?post=10203"}],"version-history":[{"count":5,"href":"https:\/\/ralupo.me\/en\/wp-json\/wp\/v2\/posts\/10203\/revisions"}],"predecessor-version":[{"id":10212,"href":"https:\/\/ralupo.me\/en\/wp-json\/wp\/v2\/posts\/10203\/revisions\/10212"}],"wp:featuredmedia":[{"embeddable":true,"href":"https:\/\/ralupo.me\/en\/wp-json\/wp\/v2\/media\/10204"}],"wp:attachment":[{"href":"https:\/\/ralupo.me\/en\/wp-json\/wp\/v2\/media?parent=10203"}],"wp:term":[{"taxonomy":"category","embeddable":true,"href":"https:\/\/ralupo.me\/en\/wp-json\/wp\/v2\/categories?post=10203"},{"taxonomy":"post_tag","embeddable":true,"href":"https:\/\/ralupo.me\/en\/wp-json\/wp\/v2\/tags?post=10203"}],"curies":[{"name":"wp","href":"https:\/\/api.w.org\/{rel}","templated":true}]}}