{"id":10150,"date":"2023-06-18T18:43:22","date_gmt":"2023-06-18T16:43:22","guid":{"rendered":"https:\/\/ralupo.me\/?p=10150"},"modified":"2023-12-27T00:42:06","modified_gmt":"2023-12-26T23:42:06","slug":"erster-nafo-discord-chat-mit-ukrainischem-botschafter-makeiev","status":"publish","type":"post","link":"https:\/\/ralupo.me\/en\/archive\/10150","title":{"rendered":"Erster NAFO Chat mit ukrainischem Botschafter Makeiev"},"content":{"rendered":"<span class=\"span-reading-time rt-reading-time\" style=\"display: block;\"><span class=\"rt-label rt-prefix\">Lesedauer<\/span> <span class=\"rt-time\"> 4<\/span> <span class=\"rt-label rt-postfix\">Minuten<\/span><\/span>\n<p class=\"wp-block-paragraph\">Der deutsche Arm der NAFO (North Atlantic Fella Organisation) hat den ukrainischen Botschafter in Deutschland, seine Exzellenz Oleksii Makeiev zu einem Kennenlern-Gespr\u00e4ch und Informationsaustausch auf ihren Discord-Server eingeladen und Botschafter Makeiev hat zugesagt. An diese Sonntag Mittag fand nun unter reger Beteiligung der deutschen Fellas ein erstes Online-Gespr\u00e4ch statt.<\/p>\n\n\n\n<h2 class=\"wp-block-heading\">Breites Spektrum an Ukraine-Hilfen<\/h2>\n\n\n\n<p class=\"wp-block-paragraph\">In einer kurzen Einf\u00fchrung \u00fcber die NAFO und ihre Anliegen betonten die deutschen Fellas, dass sich die Aktivit\u00e4ten der NAFO in Deutschland nicht nur auf das \u201eBonken\u201c russischer Trolle und Bots auf Twitter beschr\u00e4nkt, sondern eine breite Unterst\u00fctzung der Ukraine und der ukrainischen Bev\u00f6lkerung in und au\u00dferhalb der Ukraine angeboten wird. Von der Aufnahme Gefl\u00fcchteter, Organisation von Unterk\u00fcnften, Hilfe bei Sprachkursen und Beh\u00f6rdeng\u00e4ngen, Spendenaufrufe bis zur Organisation, Durchf\u00fchrung und Begleitung von Hilfstransporten in die Ukraine bietet die NAFO aus Deutschland mittlerweile ein breites Spektrum an Hilfeleistungen an, mit dem sie sich gerne auch mit der Botschaft verkn\u00fcpfen m\u00f6chte. <\/p>\n\n\n<div class=\"vlp-link-container vlp-template-default wp-block-visual-link-preview-link\">\n\t<a href=\"https:\/\/ukrainer.net\/nafo-fellas\/\" class=\"vlp-link\" title=\"Who are the NAFO Fellas? The army of cartoon dogs fighting Russian propaganda \u2022 Ukra\u0457ner\" rel=\"nofollow\" target=\"_blank\"><\/a>\t\t<div class=\"vlp-link-image-container\">\n\t\t<div class=\"vlp-link-image\">\n\t\t\t<img data-recalc-dims=\"1\" decoding=\"async\" src=\"https:\/\/i0.wp.com\/ukrainer.net\/wp-content\/uploads\/2022\/09\/0-2.jpg?ssl=1\" style=\"max-width: 150px; max-height: 150px\" \/>\t\t<\/div>\n\t<\/div>\n\t\t<div class=\"vlp-link-text-container\">\n\t\t\t\t<div class=\"vlp-link-title\">\n\t\t\tWho are the NAFO Fellas? The army of cartoon dogs fighting Russian propaganda \u2022 Ukra\u0457ner\t\t<\/div>\n\t\t\t\t\t\t<div class=\"vlp-link-summary\">\n\t\t\tMedia explorations of Ukraine\t\t<\/div>\n\t\t\t<\/div>\n<\/div>\n\n\n\n<p class=\"wp-block-paragraph\">Klar und unmi\u00dfverst\u00e4ndlich ist f\u00fcr die deutschen Fellas, dass die Ukraine in ihrer Verteidigung gegen den russischen Angriffskrieg die Werte Europas und auch Deutschlands sch\u00fctzt, n\u00e4mlich Einigkeit und Recht und Freiheit. Die Ukraine ist gegenw\u00e4rtig einer extremen Ungerechtigkeit ausgesetzt und dagegen wollen die NAFO und die deutschen Fellas Unterst\u00fctzung leisten. Dabei geht die  Perspektive aber auch \u00fcber den gegenw\u00e4rtigen Krieg hinaus. Nach dem Sieg der Ukraine, an dem die deutschen Fellas keinen Zweifel haben, wird es um den Wiederaufbau und die Integration der Ukraine in die EU und die NATO gehen. Auch hier kann die Ukraine auf die Fellas und die NAFO z\u00e4hlen, das wurde am Sonntag einm\u00fctig betont.<\/p>\n\n\n\n<h2 class=\"wp-block-heading\">Mit den B\u00fcrgern ins Gespr\u00e4ch kommen<\/h2>\n\n\n\n<p class=\"wp-block-paragraph\">Seine Exzellenz Botschafter Makeiev berichtete seinerseits zun\u00e4chst von seiner Ankunft in Deutschland. Schon seit acht Monaten vertritt er die Ukraine nun in Deutschland, ihm hingegen kommt es vor wie acht Wochen, sagt er gleich zu Beginn. Sein Terminkalender sei voll und es gibt wenig Ruhezeiten. Aber, so der Botschafter weiter, wie k\u00f6nne er sich \u00fcber fehlende freie Zeit beklagen, w\u00e4hrend seine Landsleute an der Front in Sch\u00fctzengr\u00e4ben sein Land verteidigten. Makeiev hat seit seinem Amtsantritt zwischenzeitlich in 14 deutschen Bundesl\u00e4ndern seinen Antrittsbesuch absolviert, Ministerpr\u00e4sidenten und -pr\u00e4sidentinnen und die Parlamentsvorsitzenden getroffen,  in Bremen gab es Verz\u00f6gerungen wegen der inzwischen durchgef\u00fchrten Senatswahl, Sachsen-Anhalt fehlt ebenso noch auf der Liste. Makeiev sagt, er m\u00f6chte nicht nur mit der Politik ins Gespr\u00e4ch kommen, sondern auch mit den B\u00fcrgern des Landes. Wenn das gelingt, dann k\u00f6nne man auch die Politik zu schnellerem Handeln bewegen. Leider habe sich in der Ukraine und bei den Ukrainern der Eindruck der Z\u00f6gerlichkeit Deutschlands verfestigt, berichtet Makeiev. Hier leiste hingegen nun die Ukraine Hilfe f\u00fcr Deutschland. Mit Hilfe von ukrainischer Seite werde man helfen, das Image Deutschlands zu verbessern und besser zu kommunizieren. Eine Delegation aus der Ukraine werde in K\u00fcrze in Berlin erwartet, um sich mit dem Ausw\u00e4rtigen Amt auszutauschen.<\/p>\n\n\n\n<h2 class=\"wp-block-heading\">Unterst\u00fctzung aus Deutschland weiter \u201eenorm\u201c<\/h2>\n\n\n\n<p class=\"wp-block-paragraph\">Makeiev betonte wiederholt, dass er nicht den Eindruck hat, dass die Unterst\u00fctzung der Ukraine von Seiten der Deutschen nachl\u00e4sst. Die Unterst\u00fctzung sei weiterhin \u201eenorm\u201c und viele Z\u00f6gerliche oder Zur\u00fcckhaltende seien inzwischen in die Reihen der Unterst\u00fctzer gewechselt. Ein wichtiger Punkt ist f\u00fcr ihn allerdings auch, dass man vom Spenden zum Handeln komme. Die Ukraine braucht eine funktionierende Wirtschaft, auch f\u00fcr den Wiederaufbau. Durch den gezielten Kauf ukrainischer Produkte, die nach und nach auch in den Superm\u00e4rkten zu finden seien, k\u00f6nnte man der Ukraine genauso gut helfen. Oft k\u00f6nnten viele gut gemeinte Spenden gar nicht mehr verwendet werden, weil der Bedarf fehle, zum Beispiel bei Kleidung.<\/p>\n\n\n\n<h2 class=\"wp-block-heading\">\u201eRussland genie\u00dft in Deutschland immer noch Ansehen. Das ist schwer nachvollziehbar\u201c<\/h2>\n\n\n\n<p class=\"wp-block-paragraph\">Angesprochen auf Desinformation und russische Propaganda in Deutschland beklagte der ukrainische Botschafter, dass trotz der vielen aufgedeckten L\u00fcgen und der abscheulichen russischen Kriegsverbrechen das Land in Deutschland immer noch ein hohes Ansehen genie\u00dfe. Das sei schwer nachvollziehbar. Auch in der Presse w\u00fcrde man Russland und seinen offiziellen Verlautbarungen noch immer Vertrauen schenken, statt sie zun\u00e4chst auf ihren Wahrheitsgehalt zu untersuchen. Klassische Desinformationskampagnen seien weiterhin die angeblichen Nazis in der Ukraine und im ukrainischen Millit\u00e4r. Ein wichtiger Punkt f\u00fcr Makeiev ist auch das Verhalten der vielen \u201eRussland-Deutschen\u201c, die zum Krieg entweder schweigen oder den Angriff aktiv unterst\u00fctzten. Seit Kriegsbeginn, berichtet Makeiev, hat seine Botschaft noch keinen einzigen Brief erhalten, in dem von dieser Seite ein Ausdruck des Bedauerns \u00fcber das Geschehen in der Ukraine ge\u00e4u\u00dfert worden w\u00e4re. Die Bereitschaft Verantwortung zu \u00fcbernehmen, wie Deutschland das nach dem zweiten Weltkrieg getan habe, sowas gibt es bei den Russen nicht. Deshalb sei es auch falsch, wenn man in den Medien immer wieder nach den \u201eguten Russen\u201c suche. Zu diesem Komplex wollen NAFO und Botschaft eine Folgeveranstaltung planen.<\/p>\n\n\n\n<h2 class=\"wp-block-heading\">Austausch \u00fcber Hasspostings<\/h2>\n\n\n\n<p class=\"wp-block-paragraph\">Auch das Thema Hasspostings in sozialen Netzwerken, mit dem sich viele Fellas besch\u00e4ftigen und die sie aktiv bek\u00e4mpfen, kam zur Sprache. Der Botschaft fehlt insoweit ein \u201eLagebild\u201c, weil man immer nur von krassen Einzelf\u00e4llen erfahre. Wenn man aber durch ein Lagebild eine Tendenz erkennen k\u00f6nne, k\u00f6nne man aktiver eingreifen und bei den Strafverfolgungsbeh\u00f6rden nachfragen. <\/p>\n\n\n\n<h2 class=\"wp-block-heading\">Eingefrorene St\u00e4dtepartnerschaften in besetzten Gebieten wieder aktivieren<\/h2>\n\n\n\n<p class=\"wp-block-paragraph\">Ein weiteres Thema der ersten Unterredung war der Aufbau von St\u00e4dtepartnerschaften. Makeiev berichtete dass mittlerweile fast jede Woche eine neue hinzukommt. \u00dcber 150 bestehen schon. Der Botschafter hegt die Hoffnung, dass derzeit eingefrorene Partnerschaften mit St\u00e4dten in besetzten Gebieten schon vorab wiederbelebt werden k\u00f6nnten. Als Beispiel nannte er die eingefrorene Partnerschaft zwischen Bochum und Donezk oder zwischen Baden-Baden und Yalta auf der Krim. Hier k\u00f6nnte man vorbereitend \u00fcber die Kontakte der ukrainischen Gebietsverwaltungen Donzek und die der Krim in Kyiv die Partnerschaften wiederbeleben, so sein Vorschlag.<\/p>\n\n\n\n<figure class=\"wp-block-embed is-type-rich is-provider-twitter wp-block-embed-twitter\"><div class=\"wp-block-embed__wrapper\">\n<blockquote class=\"twitter-tweet\" data-width=\"500\" data-dnt=\"true\"><p lang=\"de\" dir=\"ltr\">Ich danke allen <a href=\"https:\/\/twitter.com\/hashtag\/NAFOfellas?src=hash&amp;ref_src=twsrc%5Etfw\">#NAFOfellas<\/a> f\u00fcr das unerm\u00fcdliche Engagement f\u00fcr <a href=\"https:\/\/twitter.com\/hashtag\/StandWithUkraine?src=hash&amp;ref_src=twsrc%5Etfw\">#StandWithUkraine<\/a>! \ud83d\udc99\ud83d\udc9b<br><br>Bin geehrt, einer von Euch zu sein!<br><br>Einmal <a href=\"https:\/\/twitter.com\/hashtag\/NAFO?src=hash&amp;ref_src=twsrc%5Etfw\">#NAFO<\/a>, f\u00fcr immer <a href=\"https:\/\/twitter.com\/hashtag\/NAFO?src=hash&amp;ref_src=twsrc%5Etfw\">#NAFO<\/a><br><br>Danke <a href=\"https:\/\/twitter.com\/hashtag\/NAFO_DE?src=hash&amp;ref_src=twsrc%5Etfw\">#NAFO_DE<\/a> \ud83d\ude09\/7 <a href=\"https:\/\/t.co\/B653gxSjYr\">pic.twitter.com\/B653gxSjYr<\/a><\/p>&mdash; Oleksii MAKEIEV \ud83c\uddfa\ud83c\udde6 (@Makeiev) <a href=\"https:\/\/twitter.com\/Makeiev\/status\/1670452792417189889?ref_src=twsrc%5Etfw\">June 18, 2023<\/a><\/blockquote><script async src=\"https:\/\/platform.twitter.com\/widgets.js\" charset=\"utf-8\"><\/script>\n<\/div><\/figure>\n\n\n\n<p class=\"wp-block-paragraph\">Auch wenn viele Fragen nur kurz umrissen werden konnten aufgrund des engen Zeitfensters war das erste Kennenlerngespr\u00e4ch ein Erfolg. Botschaft und NAFO werden sich enger austauschen und die Botschaft auch einen direkten Kommunikationskanal zur NAFO Deutschland<\/p>\n<br\/><br\/><div class=\"geolocation-plain\" id=\"geolocation10150\">Posted from Deutschland.<\/div>","protected":false},"excerpt":{"rendered":"<p>Der deutsche Arm der NAFO (North Atlantic Fella Organisation) hat den ukrainischen Botschafter in Deutschland, seine Exzellenz Oleksii Makeiev zu einem Kennenlern-Gespr\u00e4ch und Informationsaustausch auf ihren Discord-Server eingeladen und Botschafter Makeiev hat zugesagt. An diese Sonntag Mittag fand nun unter reger Beteiligung der deutschen Fellas ein erstes Online-Gespr\u00e4ch statt.<\/p>\n","protected":false},"author":1,"featured_media":10152,"comment_status":"open","ping_status":"open","sticky":false,"template":"","format":"standard","meta":{"_crdt_document":"","advanced_seo_description":"","jetpack_seo_html_title":"","jetpack_seo_noindex":false,"_EventAllDay":false,"_EventTimezone":"","_EventStartDate":"","_EventEndDate":"","_EventStartDateUTC":"","_EventEndDateUTC":"","_EventShowMap":false,"_EventShowMapLink":false,"_EventURL":"","_EventCost":"","_EventCostDescription":"","_EventCurrencySymbol":"","_EventCurrencyCode":"","_EventCurrencyPosition":"","_EventDateTimeSeparator":"","_EventTimeRangeSeparator":"","_EventOrganizerID":[],"_EventVenueID":[],"_OrganizerEmail":"","_OrganizerPhone":"","_OrganizerWebsite":"","_VenueAddress":"","_VenueCity":"","_VenueCountry":"","_VenueProvince":"","_VenueState":"","_VenueZip":"","_VenuePhone":"","_VenueURL":"","_VenueStateProvince":"","_VenueLat":"","_VenueLng":"","_VenueShowMap":false,"_VenueShowMapLink":false,"jetpack_post_was_ever_published":false,"_jetpack_newsletter_access":"","_jetpack_dont_email_post_to_subs":false,"_jetpack_newsletter_tier_id":0,"_jetpack_memberships_contains_paywalled_content":false,"_jetpack_memberships_contains_paid_content":false,"footnotes":""},"categories":[693],"tags":[783,333,25],"class_list":["post-10150","post","type-post","status-publish","format-standard","has-post-thumbnail","hentry","category-politik","tag-nafo","tag-russland","tag-ukraine"],"jetpack_featured_media_url":"https:\/\/i0.wp.com\/ralupo.me\/wp-content\/uploads\/2023\/06\/29C4357C-93E2-4512-934B-DE0A54860E70-scaled.jpeg?fit=2560%2C1920&ssl=1","jetpack_sharing_enabled":true,"jetpack-related-posts":[{"id":10330,"url":"https:\/\/ralupo.me\/en\/archive\/10330","url_meta":{"origin":10150,"position":0},"title":"Die Meme-Krieger treffen sich in Vilnius zur NAFO Summit","author":"Lupo","date":"16. July 2023","format":false,"excerpt":"[:de]In der litauischen Hauptstadt Vilnius haben sich wenige Tage vor dem gro\u00dfen NATO-Gipfel die Mitglieder der NAFO zu einer ersten \"NAFO-Summit\" getroffen. Etwa 150 Mitglieder waren dem Aufruf des sogenannten \"Headquarter\" und des litauischen Pr\u00e4sidenten gefolgt und aus aller Welt, vornehmlich aus Europa und den USA und Kanada angereist.[:]","rel":"","context":"In &quot;Europa&quot;","block_context":{"text":"Europa","link":"https:\/\/ralupo.me\/en\/archive\/category\/europa"},"img":{"alt_text":"","src":"https:\/\/i0.wp.com\/ralupo.me\/wp-content\/uploads\/2023\/07\/IMG_0773-scaled.jpeg?fit=1200%2C900&ssl=1&resize=350%2C200","width":350,"height":200,"srcset":"https:\/\/i0.wp.com\/ralupo.me\/wp-content\/uploads\/2023\/07\/IMG_0773-scaled.jpeg?fit=1200%2C900&ssl=1&resize=350%2C200 1x, https:\/\/i0.wp.com\/ralupo.me\/wp-content\/uploads\/2023\/07\/IMG_0773-scaled.jpeg?fit=1200%2C900&ssl=1&resize=525%2C300 1.5x, https:\/\/i0.wp.com\/ralupo.me\/wp-content\/uploads\/2023\/07\/IMG_0773-scaled.jpeg?fit=1200%2C900&ssl=1&resize=700%2C400 2x, https:\/\/i0.wp.com\/ralupo.me\/wp-content\/uploads\/2023\/07\/IMG_0773-scaled.jpeg?fit=1200%2C900&ssl=1&resize=1050%2C600 3x"},"classes":[]},{"id":13098,"url":"https:\/\/ralupo.me\/en\/archive\/13098","url_meta":{"origin":10150,"position":1},"title":"&#8220;Keine Zeit mehr verlieren&#8221;","author":"Lupo","date":"7. January 2024","format":false,"excerpt":"[:de] Unter dem Eindruck der verheerenden russischen Raketenangriffe auf ukrainische St\u00e4dte \u00fcber den Jahreswechsel hat die ukrainische Vereinigung \"Vitsche\" in Berlin zu ihrer ersten Solidarit\u00e4tskundgebung im neuen Jahr vor dem Kanzleramt aufgerufen. Zeitgleich fanden in ganz Europa Kundgebungen statt, darunter zeitgleich auch in K\u00f6ln. In Berlin kamen mehr als 1.000\u2026","rel":"","context":"In &quot;Europa&quot;","block_context":{"text":"Europa","link":"https:\/\/ralupo.me\/en\/archive\/category\/europa"},"img":{"alt_text":"","src":"https:\/\/i0.wp.com\/ralupo.me\/wp-content\/uploads\/2024\/01\/IMG_7863_jpg-scaled.jpeg?fit=1200%2C900&ssl=1&resize=350%2C200","width":350,"height":200,"srcset":"https:\/\/i0.wp.com\/ralupo.me\/wp-content\/uploads\/2024\/01\/IMG_7863_jpg-scaled.jpeg?fit=1200%2C900&ssl=1&resize=350%2C200 1x, https:\/\/i0.wp.com\/ralupo.me\/wp-content\/uploads\/2024\/01\/IMG_7863_jpg-scaled.jpeg?fit=1200%2C900&ssl=1&resize=525%2C300 1.5x, https:\/\/i0.wp.com\/ralupo.me\/wp-content\/uploads\/2024\/01\/IMG_7863_jpg-scaled.jpeg?fit=1200%2C900&ssl=1&resize=700%2C400 2x, https:\/\/i0.wp.com\/ralupo.me\/wp-content\/uploads\/2024\/01\/IMG_7863_jpg-scaled.jpeg?fit=1200%2C900&ssl=1&resize=1050%2C600 3x"},"classes":[]},{"id":14119,"url":"https:\/\/ralupo.me\/en\/archive\/14119","url_meta":{"origin":10150,"position":2},"title":"Aufgelesen: Lupos Lesewoche #14","author":"Lupo","date":"30. June 2024","format":false,"excerpt":"[:de] Die Kyiv Post widmet der NAFO zu ihrem zweiten Geburtstag einen l\u00e4ngeren Artikel. Es ist schwer, an der Wirksamkeit der NAFO zu zweifeln. Es gibt keine bessere Alternative in der demokratischen Welt als Gegengewicht zur russischen Informationsoffensive im Internet. Vor der Existenz der NAFO konnte ein prominenter Beamter oder\u2026","rel":"","context":"In &quot;Aufgelesen&quot;","block_context":{"text":"Aufgelesen","link":"https:\/\/ralupo.me\/en\/archive\/category\/aufgelesen"},"img":{"alt_text":"","src":"https:\/\/i0.wp.com\/ralupo.me\/wp-content\/uploads\/2024\/02\/IMG_9531-scaled.jpeg?fit=1200%2C900&ssl=1&resize=350%2C200","width":350,"height":200,"srcset":"https:\/\/i0.wp.com\/ralupo.me\/wp-content\/uploads\/2024\/02\/IMG_9531-scaled.jpeg?fit=1200%2C900&ssl=1&resize=350%2C200 1x, https:\/\/i0.wp.com\/ralupo.me\/wp-content\/uploads\/2024\/02\/IMG_9531-scaled.jpeg?fit=1200%2C900&ssl=1&resize=525%2C300 1.5x, https:\/\/i0.wp.com\/ralupo.me\/wp-content\/uploads\/2024\/02\/IMG_9531-scaled.jpeg?fit=1200%2C900&ssl=1&resize=700%2C400 2x, https:\/\/i0.wp.com\/ralupo.me\/wp-content\/uploads\/2024\/02\/IMG_9531-scaled.jpeg?fit=1200%2C900&ssl=1&resize=1050%2C600 3x"},"classes":[]},{"id":13688,"url":"https:\/\/ralupo.me\/en\/archive\/13688","url_meta":{"origin":10150,"position":3},"title":"Gro\u00dfkundgebung f\u00fcr die Ukraine zur M\u00fcnchner SiKo","author":"Lupo","date":"18. February 2024","format":false,"excerpt":"[:de] Fast drei Stunden hat die proukrainische Demonstration \"Gemeinsam gegen den Krieg\" auf dem M\u00fcnchner Odeonsplatz gedauert. Am Samstag Nachmittag tauchte der Platz vor der Feldherrenhalle in ein Meer aus blau-gelben Fahnen. Zu der Kundgebung am Rande der M\u00fcnchner Sicherheitskonferenz haben sich laut Polizei mehr als 3.000 Menschen versammelt. \u00dcber\u2026","rel":"","context":"In &quot;Politik&quot;","block_context":{"text":"Politik","link":"https:\/\/ralupo.me\/en\/archive\/category\/politik"},"img":{"alt_text":"","src":"https:\/\/i0.wp.com\/ralupo.me\/wp-content\/uploads\/2024\/02\/IMG_9647-scaled.jpeg?fit=1200%2C900&ssl=1&resize=350%2C200","width":350,"height":200,"srcset":"https:\/\/i0.wp.com\/ralupo.me\/wp-content\/uploads\/2024\/02\/IMG_9647-scaled.jpeg?fit=1200%2C900&ssl=1&resize=350%2C200 1x, https:\/\/i0.wp.com\/ralupo.me\/wp-content\/uploads\/2024\/02\/IMG_9647-scaled.jpeg?fit=1200%2C900&ssl=1&resize=525%2C300 1.5x, https:\/\/i0.wp.com\/ralupo.me\/wp-content\/uploads\/2024\/02\/IMG_9647-scaled.jpeg?fit=1200%2C900&ssl=1&resize=700%2C400 2x, https:\/\/i0.wp.com\/ralupo.me\/wp-content\/uploads\/2024\/02\/IMG_9647-scaled.jpeg?fit=1200%2C900&ssl=1&resize=1050%2C600 3x"},"classes":[]},{"id":10768,"url":"https:\/\/ralupo.me\/en\/archive\/10768","url_meta":{"origin":10150,"position":4},"title":"Beschossener ukrainischer Krankenwagen kommt nach Dresden","author":"Lupo","date":"11. October 2023","format":false,"excerpt":"[:de]Am 14. und 15. Oktober 2023 wird im Rahmen der Versammlung mit dem Motto \u201cRussland raus aus der Ukraine! \"Kriegsverbrechen ahnden!\u201d ein von russischen Invasoren beschossener ukrainischer Krankenwagen in Dresden ausgestellt.\u00a0[:]","rel":"","context":"In &quot;Teilnehmende Beobachtung&quot;","block_context":{"text":"Teilnehmende Beobachtung","link":"https:\/\/ralupo.me\/en\/archive\/category\/teilnehmende-beobachtung"},"img":{"alt_text":"","src":"https:\/\/i0.wp.com\/ralupo.me\/wp-content\/uploads\/2023\/07\/IMG_0318-scaled.jpeg?fit=1200%2C900&ssl=1&resize=350%2C200","width":350,"height":200,"srcset":"https:\/\/i0.wp.com\/ralupo.me\/wp-content\/uploads\/2023\/07\/IMG_0318-scaled.jpeg?fit=1200%2C900&ssl=1&resize=350%2C200 1x, https:\/\/i0.wp.com\/ralupo.me\/wp-content\/uploads\/2023\/07\/IMG_0318-scaled.jpeg?fit=1200%2C900&ssl=1&resize=525%2C300 1.5x, https:\/\/i0.wp.com\/ralupo.me\/wp-content\/uploads\/2023\/07\/IMG_0318-scaled.jpeg?fit=1200%2C900&ssl=1&resize=700%2C400 2x, https:\/\/i0.wp.com\/ralupo.me\/wp-content\/uploads\/2023\/07\/IMG_0318-scaled.jpeg?fit=1200%2C900&ssl=1&resize=1050%2C600 3x"},"classes":[]},{"id":14246,"url":"https:\/\/ralupo.me\/en\/archive\/14246","url_meta":{"origin":10150,"position":5},"title":"&#8220;Die Russlandversteher von ganz rechts und ganz links verkaufen mit ihren \u201eFriedensprogrammen\u201c hei\u00dfe Luft.&#8221;","author":"Lupo","date":"24. August 2024","format":false,"excerpt":"[:de] Der ukrainische Botschafter in Deutschland, Oleksii Makeiev hat zusammen mit den Bundestagsabgeordneten Michael Roth (SPD), Norbert R\u00f6ttgen (CDU), Toni Hofreiter (Gr\u00fcne) und Marcus Faber (FDP) anl\u00e4sslich des heutigen 33. Unabh\u00e4ngigkeitstag der Ukraine einen gro\u00dfartigen Beitrag in der FAZ ver\u00f6ffentlicht. Gro\u00dfartig, weil er eindringlich beschreibt, was angesichts der russischen Aggression\u2026","rel":"","context":"In &quot;Europa&quot;","block_context":{"text":"Europa","link":"https:\/\/ralupo.me\/en\/archive\/category\/europa"},"img":{"alt_text":"","src":"https:\/\/i0.wp.com\/ralupo.me\/wp-content\/uploads\/2021\/09\/img_2468-scaled.jpg?fit=1200%2C675&ssl=1&resize=350%2C200","width":350,"height":200,"srcset":"https:\/\/i0.wp.com\/ralupo.me\/wp-content\/uploads\/2021\/09\/img_2468-scaled.jpg?fit=1200%2C675&ssl=1&resize=350%2C200 1x, https:\/\/i0.wp.com\/ralupo.me\/wp-content\/uploads\/2021\/09\/img_2468-scaled.jpg?fit=1200%2C675&ssl=1&resize=525%2C300 1.5x, https:\/\/i0.wp.com\/ralupo.me\/wp-content\/uploads\/2021\/09\/img_2468-scaled.jpg?fit=1200%2C675&ssl=1&resize=700%2C400 2x, https:\/\/i0.wp.com\/ralupo.me\/wp-content\/uploads\/2021\/09\/img_2468-scaled.jpg?fit=1200%2C675&ssl=1&resize=1050%2C600 3x"},"classes":[]}],"jetpack_shortlink":"https:\/\/wp.me\/pcanHs-2DI","_links":{"self":[{"href":"https:\/\/ralupo.me\/en\/wp-json\/wp\/v2\/posts\/10150","targetHints":{"allow":["GET"]}}],"collection":[{"href":"https:\/\/ralupo.me\/en\/wp-json\/wp\/v2\/posts"}],"about":[{"href":"https:\/\/ralupo.me\/en\/wp-json\/wp\/v2\/types\/post"}],"author":[{"embeddable":true,"href":"https:\/\/ralupo.me\/en\/wp-json\/wp\/v2\/users\/1"}],"replies":[{"embeddable":true,"href":"https:\/\/ralupo.me\/en\/wp-json\/wp\/v2\/comments?post=10150"}],"version-history":[{"count":6,"href":"https:\/\/ralupo.me\/en\/wp-json\/wp\/v2\/posts\/10150\/revisions"}],"predecessor-version":[{"id":12902,"href":"https:\/\/ralupo.me\/en\/wp-json\/wp\/v2\/posts\/10150\/revisions\/12902"}],"wp:featuredmedia":[{"embeddable":true,"href":"https:\/\/ralupo.me\/en\/wp-json\/wp\/v2\/media\/10152"}],"wp:attachment":[{"href":"https:\/\/ralupo.me\/en\/wp-json\/wp\/v2\/media?parent=10150"}],"wp:term":[{"taxonomy":"category","embeddable":true,"href":"https:\/\/ralupo.me\/en\/wp-json\/wp\/v2\/categories?post=10150"},{"taxonomy":"post_tag","embeddable":true,"href":"https:\/\/ralupo.me\/en\/wp-json\/wp\/v2\/tags?post=10150"}],"curies":[{"name":"wp","href":"https:\/\/api.w.org\/{rel}","templated":true}]}}