{"id":10024,"date":"2023-06-07T09:24:16","date_gmt":"2023-06-07T07:24:16","guid":{"rendered":"https:\/\/ralupo.me\/?p=10024"},"modified":"2024-03-03T16:09:19","modified_gmt":"2024-03-03T15:09:19","slug":"lupo-goes-lviv-i-vorbereitungen","status":"publish","type":"post","link":"https:\/\/ralupo.me\/en\/archive\/10024","title":{"rendered":"Lupo goes Lviv: Die Reise"},"content":{"rendered":"<span class=\"span-reading-time rt-reading-time\" style=\"display: block;\"><span class=\"rt-label rt-prefix\">Lesedauer<\/span> <span class=\"rt-time\"> 8<\/span> <span class=\"rt-label rt-postfix\">Minuten<\/span><\/span>\n\n<div class=\"wp-block-columns jetpack-paywall-simple is-layout-flex wp-container-core-columns-is-layout-5fb07882 wp-block-columns-is-layout-flex\" style=\"display: inline-block; width: 90%\">\n    \n    <div class=\"wp-block-column is-layout-flow wp-block-column-is-layout-flow\" style=\"background-color: #F6F7F7; padding: 32px; 24px;\">\n        \n        <h2 class=\"has-text-align-center wp-block-heading\" style=\"margin: 0 0 12px; font-weight: 600;\">Subscribe to keep reading<\/h2>\n        \n        \n        <p class=\"has-text-align-center wp-block-paragraph\"\n           style=\"text-align: center;\n                  color: #50575E;\n                  font-weight: 400;\n                  font-size: 16px;\n                  font-family: 'SF Pro Text', sans-serif;\n                  line-height: 28.8px;\">\n        Become a paid subscriber to get access to the rest of this post and other exclusive content.\n        <\/p>\n        \n        \n        <div class=\"wp-block-buttons is-layout-flex wp-block-buttons-is-layout-flex\" style=\"text-align: center;\">\n            \n            <div class=\"wp-block-button\" style=\"display: inline-block; margin: 10px 0; border-style: none; padding: 0;\">\n                <a href=\"https:\/\/ralupo.me\/en\/?post_type=post&#038;p=10024\" class=\"wp-block-button__link wp-element-button\"\n                   data-wpcom-track data-tracks-link-desc=\"paywall-email-click\"\n                   style=\"display: inline-block;\n                          padding: 12px 15px;\n                          background-color: #3858e9;\n                          color: #FFFFFF;\n                          text-decoration: none;\n                          border-radius: 5px;\n                          font-family: 'SF Pro Display', sans-serif;\n                          font-weight: 500;\n                          font-size: 16px;\n                          text-align: center;\">Subscribe<\/a>\n            <\/div>\n            \n        <\/div>\n        \n    <\/div>\n    \n<\/div>\n\n","protected":false},"excerpt":{"rendered":"<p>Nach eineinhalb Jahren Pause geht es wieder in die Ukraine. Die Reisevorbereitungen sind abgeschlossen. Dazu sp\u00e4ter mehr. Waren bislang Kyiv in der Zentralukraine und Odessa im S\u00fcden auf meinem Plan, geht es jetzt zum ersten Mal in den Westen: Nach Lviv (Lemberg).<\/p>\n","protected":false},"author":1,"featured_media":10085,"comment_status":"open","ping_status":"open","sticky":false,"template":"","format":"standard","meta":{"_crdt_document":"","advanced_seo_description":"","jetpack_seo_html_title":"","jetpack_seo_noindex":false,"_EventAllDay":false,"_EventTimezone":"","_EventStartDate":"","_EventEndDate":"","_EventStartDateUTC":"","_EventEndDateUTC":"","_EventShowMap":false,"_EventShowMapLink":false,"_EventURL":"","_EventCost":"","_EventCostDescription":"","_EventCurrencySymbol":"","_EventCurrencyCode":"","_EventCurrencyPosition":"","_EventDateTimeSeparator":"","_EventTimeRangeSeparator":"","_EventOrganizerID":[],"_EventVenueID":[],"_OrganizerEmail":"","_OrganizerPhone":"","_OrganizerWebsite":"","_VenueAddress":"","_VenueCity":"","_VenueCountry":"","_VenueProvince":"","_VenueState":"","_VenueZip":"","_VenuePhone":"","_VenueURL":"","_VenueStateProvince":"","_VenueLat":"","_VenueLng":"","_VenueShowMap":false,"_VenueShowMapLink":false,"jetpack_post_was_ever_published":false,"_jetpack_newsletter_access":"subscribers","_jetpack_dont_email_post_to_subs":false,"_jetpack_newsletter_tier_id":0,"_jetpack_memberships_contains_paywalled_content":false,"_jetpack_memberships_contains_paid_content":false,"footnotes":""},"categories":[21],"tags":[448,22,25],"class_list":["post-10024","post","type-post","status-publish","format-standard","has-post-thumbnail","hentry","category-travel","tag-lviv","tag-reise","tag-ukraine"],"jetpack_featured_media_url":"https:\/\/i0.wp.com\/ralupo.me\/wp-content\/uploads\/2023\/06\/IMG_9212-scaled.jpeg?fit=2560%2C1920&ssl=1","jetpack_sharing_enabled":true,"jetpack-related-posts":[{"id":1323,"url":"https:\/\/ralupo.me\/en\/archive\/1323","url_meta":{"origin":10024,"position":0},"title":"Lviv: Kein Wochenende &#8211; kein Lockdown","author":"Lupo","date":"15. November 2020","format":false,"excerpt":"Auch in der Ukraine steigen die Corona-Infektionen exponentiell an. Die Krankenh\u00e4user kommen an ihr Limit. Wie der Gesundheitsminister der Ukraine, Maxym Stepanow. am Samstag laut Ukrinform mitteilte, war mit 12.254 Neuinfektionen binnen eines Tages wieder ein neuer Rekord zu verzeichnen. Die meisten F\u00e4lle waren in der Stadt Kyjiw (1053), in\u2026","rel":"","context":"In &quot;Quarant\u00e4ne&quot;","block_context":{"text":"Quarant\u00e4ne","link":"https:\/\/ralupo.me\/en\/archive\/category\/quarantaene"},"img":{"alt_text":"","src":"https:\/\/i0.wp.com\/ralupo.me\/wp-content\/uploads\/2020\/07\/img_5571-scaled.jpg?fit=1200%2C900&ssl=1&resize=350%2C200","width":350,"height":200,"srcset":"https:\/\/i0.wp.com\/ralupo.me\/wp-content\/uploads\/2020\/07\/img_5571-scaled.jpg?fit=1200%2C900&ssl=1&resize=350%2C200 1x, https:\/\/i0.wp.com\/ralupo.me\/wp-content\/uploads\/2020\/07\/img_5571-scaled.jpg?fit=1200%2C900&ssl=1&resize=525%2C300 1.5x, https:\/\/i0.wp.com\/ralupo.me\/wp-content\/uploads\/2020\/07\/img_5571-scaled.jpg?fit=1200%2C900&ssl=1&resize=700%2C400 2x, https:\/\/i0.wp.com\/ralupo.me\/wp-content\/uploads\/2020\/07\/img_5571-scaled.jpg?fit=1200%2C900&ssl=1&resize=1050%2C600 3x"},"classes":[]},{"id":10140,"url":"https:\/\/ralupo.me\/en\/archive\/10140","url_meta":{"origin":10024,"position":1},"title":"Lviv: Die Stadt der L\u00f6wen","author":"Lupo","date":"17. June 2023","format":false,"excerpt":"[:de]Der K\u00f6nig von Galizien und Lodomerien Danylo ist Vater der Stadt. Er gr\u00fcndete Lemberg im Jahre 1256 und gab der Stadt den Namen seines Sohnes Lew. Von dieser Zeit gilt der Tierk\u00f6nig der L\u00f6we, also Lew auf Ukrainisch, als ein Symbol der Stadt. Es gibt in Lemberg insgesamt mehr als\u2026","rel":"","context":"In &quot;Ukraine&quot;","block_context":{"text":"Ukraine","link":"https:\/\/ralupo.me\/en\/archive\/category\/ukraine"},"img":{"alt_text":"","src":"https:\/\/i0.wp.com\/ralupo.me\/wp-content\/uploads\/2023\/06\/IMG_8925-scaled.jpeg?fit=1200%2C900&ssl=1&resize=350%2C200","width":350,"height":200,"srcset":"https:\/\/i0.wp.com\/ralupo.me\/wp-content\/uploads\/2023\/06\/IMG_8925-scaled.jpeg?fit=1200%2C900&ssl=1&resize=350%2C200 1x, https:\/\/i0.wp.com\/ralupo.me\/wp-content\/uploads\/2023\/06\/IMG_8925-scaled.jpeg?fit=1200%2C900&ssl=1&resize=525%2C300 1.5x, https:\/\/i0.wp.com\/ralupo.me\/wp-content\/uploads\/2023\/06\/IMG_8925-scaled.jpeg?fit=1200%2C900&ssl=1&resize=700%2C400 2x, https:\/\/i0.wp.com\/ralupo.me\/wp-content\/uploads\/2023\/06\/IMG_8925-scaled.jpeg?fit=1200%2C900&ssl=1&resize=1050%2C600 3x"},"classes":[]},{"id":10897,"url":"https:\/\/ralupo.me\/en\/archive\/10897","url_meta":{"origin":10024,"position":2},"title":"Wochenende in Breslau","author":"Lupo","date":"25. November 2023","format":false,"excerpt":"[:de]Breslau liegt in Niederschlesien im Westen Polens. Die Stadt hat sechshunderttausend Einwohner. Die Geschichte der Stadt geht bis ins 10. Jahrhundert zur\u00fcck. Endlich mal wieder Gelegenheit, die Stadt an der Order zu besuchen.[:]","rel":"","context":"In &quot;Travel&quot;","block_context":{"text":"Travel","link":"https:\/\/ralupo.me\/en\/archive\/category\/travel"},"img":{"alt_text":"","src":"https:\/\/i0.wp.com\/ralupo.me\/wp-content\/uploads\/2023\/11\/IMG_6342.jpeg?fit=1200%2C900&ssl=1&resize=350%2C200","width":350,"height":200,"srcset":"https:\/\/i0.wp.com\/ralupo.me\/wp-content\/uploads\/2023\/11\/IMG_6342.jpeg?fit=1200%2C900&ssl=1&resize=350%2C200 1x, https:\/\/i0.wp.com\/ralupo.me\/wp-content\/uploads\/2023\/11\/IMG_6342.jpeg?fit=1200%2C900&ssl=1&resize=525%2C300 1.5x, https:\/\/i0.wp.com\/ralupo.me\/wp-content\/uploads\/2023\/11\/IMG_6342.jpeg?fit=1200%2C900&ssl=1&resize=700%2C400 2x, https:\/\/i0.wp.com\/ralupo.me\/wp-content\/uploads\/2023\/11\/IMG_6342.jpeg?fit=1200%2C900&ssl=1&resize=1050%2C600 3x"},"classes":[]},{"id":10203,"url":"https:\/\/ralupo.me\/en\/archive\/10203","url_meta":{"origin":10024,"position":3},"title":"Ukrainische Schriftstellerin Victoria Amelina stirbt nach russischem Raketenangriff auf Kramatorsk","author":"Lupo","date":"3. July 2023","format":false,"excerpt":"[:de]Die ukrainische Schriftstellerin Victoria Amelina ist tot. Nach Mitteilung des ukrainischen Schriftstellerverbandes PEN erlag sie bereits am 01. Juli 2023 ihren schweren Verletzungen, die sie nach dem russischen Raketenangriff auf eine Pizzeria in Kramatorsk in der vergangenen Woche erlitten hat.[:]","rel":"","context":"In &quot;Ukraine&quot;","block_context":{"text":"Ukraine","link":"https:\/\/ralupo.me\/en\/archive\/category\/ukraine"},"img":{"alt_text":"","src":"https:\/\/i0.wp.com\/ralupo.me\/wp-content\/uploads\/2023\/07\/IMG_0142.jpg?fit=801%2C1200&ssl=1&resize=350%2C200","width":350,"height":200,"srcset":"https:\/\/i0.wp.com\/ralupo.me\/wp-content\/uploads\/2023\/07\/IMG_0142.jpg?fit=801%2C1200&ssl=1&resize=350%2C200 1x, https:\/\/i0.wp.com\/ralupo.me\/wp-content\/uploads\/2023\/07\/IMG_0142.jpg?fit=801%2C1200&ssl=1&resize=525%2C300 1.5x, https:\/\/i0.wp.com\/ralupo.me\/wp-content\/uploads\/2023\/07\/IMG_0142.jpg?fit=801%2C1200&ssl=1&resize=700%2C400 2x"},"classes":[]},{"id":9817,"url":"https:\/\/ralupo.me\/en\/archive\/9817","url_meta":{"origin":10024,"position":4},"title":"Wochenende in Ljubljana","author":"Lupo","date":"1. May 2023","format":false,"excerpt":"[:de]Ljubljana ist die Hauptstadt und gr\u00f6\u00dfte Stadt Sloweniens mit einer Bev\u00f6lkerung von etwa 300.000 Einwohnern. Sie liegt im Herzen des Landes und ist ein wichtiges kulturelles, wirtschaftliches und politisches Zentrum. Ljubljana ist bekannt f\u00fcr ihre malerischen Br\u00fccken, Kan\u00e4le und Stra\u00dfencaf\u00e9s.[:]","rel":"","context":"In &quot;Travel&quot;","block_context":{"text":"Travel","link":"https:\/\/ralupo.me\/en\/archive\/category\/travel"},"img":{"alt_text":"","src":"https:\/\/i0.wp.com\/ralupo.me\/wp-content\/uploads\/2023\/04\/IMG_6914-scaled.jpeg?fit=1200%2C900&ssl=1&resize=350%2C200","width":350,"height":200,"srcset":"https:\/\/i0.wp.com\/ralupo.me\/wp-content\/uploads\/2023\/04\/IMG_6914-scaled.jpeg?fit=1200%2C900&ssl=1&resize=350%2C200 1x, https:\/\/i0.wp.com\/ralupo.me\/wp-content\/uploads\/2023\/04\/IMG_6914-scaled.jpeg?fit=1200%2C900&ssl=1&resize=525%2C300 1.5x, https:\/\/i0.wp.com\/ralupo.me\/wp-content\/uploads\/2023\/04\/IMG_6914-scaled.jpeg?fit=1200%2C900&ssl=1&resize=700%2C400 2x, https:\/\/i0.wp.com\/ralupo.me\/wp-content\/uploads\/2023\/04\/IMG_6914-scaled.jpeg?fit=1200%2C900&ssl=1&resize=1050%2C600 3x"},"classes":[]},{"id":9098,"url":"https:\/\/ralupo.me\/en\/archive\/9098","url_meta":{"origin":10024,"position":5},"title":"Jurij Andruchovytsch erh\u00e4lt Heinrich Heine-Preis","author":"Lupo","date":"23. October 2022","format":false,"excerpt":"[:de] P\u00fcnktlich zum Beginn der Frankfurter Buchmesse gab die Stadt D\u00fcsseldorf am Montag bekannt, dass der diesj\u00e4hrige Heinrich-Heine-Preis der Stadt an den ukrainischen Schriftsteller und \u00dcbersetzer Jurij Andruchowytsch verliehen wird. Der Heine-Preis z\u00e4hlt zu den bedeutendsten Literatur- und Pers\u00f6nlichkeitspreisen in Deutschland und wird seit 1972 verliehen; er ist mit 50.000\u2026","rel":"","context":"In &quot;Literatur&quot;","block_context":{"text":"Literatur","link":"https:\/\/ralupo.me\/en\/archive\/category\/literatur"},"img":{"alt_text":"","src":"https:\/\/i0.wp.com\/ralupo.me\/wp-content\/uploads\/2022\/10\/A5830E09-7DCC-4931-AA2A-2CDB723AB89B.jpeg?fit=997%2C748&ssl=1&resize=350%2C200","width":350,"height":200,"srcset":"https:\/\/i0.wp.com\/ralupo.me\/wp-content\/uploads\/2022\/10\/A5830E09-7DCC-4931-AA2A-2CDB723AB89B.jpeg?fit=997%2C748&ssl=1&resize=350%2C200 1x, https:\/\/i0.wp.com\/ralupo.me\/wp-content\/uploads\/2022\/10\/A5830E09-7DCC-4931-AA2A-2CDB723AB89B.jpeg?fit=997%2C748&ssl=1&resize=525%2C300 1.5x, https:\/\/i0.wp.com\/ralupo.me\/wp-content\/uploads\/2022\/10\/A5830E09-7DCC-4931-AA2A-2CDB723AB89B.jpeg?fit=997%2C748&ssl=1&resize=700%2C400 2x"},"classes":[]}],"jetpack_shortlink":"https:\/\/wp.me\/pcanHs-2BG","_links":{"self":[{"href":"https:\/\/ralupo.me\/en\/wp-json\/wp\/v2\/posts\/10024","targetHints":{"allow":["GET"]}}],"collection":[{"href":"https:\/\/ralupo.me\/en\/wp-json\/wp\/v2\/posts"}],"about":[{"href":"https:\/\/ralupo.me\/en\/wp-json\/wp\/v2\/types\/post"}],"author":[{"embeddable":true,"href":"https:\/\/ralupo.me\/en\/wp-json\/wp\/v2\/users\/1"}],"replies":[{"embeddable":true,"href":"https:\/\/ralupo.me\/en\/wp-json\/wp\/v2\/comments?post=10024"}],"version-history":[{"count":23,"href":"https:\/\/ralupo.me\/en\/wp-json\/wp\/v2\/posts\/10024\/revisions"}],"predecessor-version":[{"id":13762,"href":"https:\/\/ralupo.me\/en\/wp-json\/wp\/v2\/posts\/10024\/revisions\/13762"}],"wp:featuredmedia":[{"embeddable":true,"href":"https:\/\/ralupo.me\/en\/wp-json\/wp\/v2\/media\/10085"}],"wp:attachment":[{"href":"https:\/\/ralupo.me\/en\/wp-json\/wp\/v2\/media?parent=10024"}],"wp:term":[{"taxonomy":"category","embeddable":true,"href":"https:\/\/ralupo.me\/en\/wp-json\/wp\/v2\/categories?post=10024"},{"taxonomy":"post_tag","embeddable":true,"href":"https:\/\/ralupo.me\/en\/wp-json\/wp\/v2\/tags?post=10024"}],"curies":[{"name":"wp","href":"https:\/\/api.w.org\/{rel}","templated":true}]}}